{"id":591,"date":"2026-04-15T19:59:01","date_gmt":"2026-04-15T19:59:01","guid":{"rendered":"https:\/\/plugnow.pt\/?p=591"},"modified":"2026-04-15T19:59:02","modified_gmt":"2026-04-15T19:59:02","slug":"volkswagen-apresenta-volkswagen-id-3-neo-mais-autonomia-novo-design-e-tecnologia-reforcada","status":"publish","type":"post","link":"https:\/\/plugnow.pt\/?p=591","title":{"rendered":"Volkswagen apresenta Volkswagen ID.3 Neo: mais autonomia, novo design e tecnologia refor\u00e7ada"},"content":{"rendered":"\n<figure class=\"wp-block-image size-full\"><img fetchpriority=\"high\" decoding=\"async\" width=\"804\" height=\"536\" src=\"https:\/\/plugnow.pt\/wp-content\/uploads\/2026\/04\/unnamed-5.jpg\" alt=\"\" class=\"wp-image-592\" srcset=\"https:\/\/plugnow.pt\/wp-content\/uploads\/2026\/04\/unnamed-5.jpg 804w, https:\/\/plugnow.pt\/wp-content\/uploads\/2026\/04\/unnamed-5-300x200.jpg 300w, https:\/\/plugnow.pt\/wp-content\/uploads\/2026\/04\/unnamed-5-768x512.jpg 768w\" sizes=\"(max-width: 804px) 100vw, 804px\" \/><\/figure>\n\n\n\n<p>A Volkswagen revelou o novo Volkswagen ID.3 Neo, sucessor direto do ID.3, que marca uma evolu\u00e7\u00e3o profunda do compacto el\u00e9trico da marca alem\u00e3. Com novo nome, design totalmente revisto, interior mais sofisticado e autonomia at\u00e9 630 km (WLTP), o modelo posiciona-se como pe\u00e7a-chave na estrat\u00e9gia el\u00e9trica da Volkswagen na Europa.<\/p>\n\n\n\n<p>A pr\u00e9-venda arranca j\u00e1 a 16 de abril em v\u00e1rios mercados europeus.<\/p>\n\n\n\n<hr class=\"wp-block-separator has-alpha-channel-opacity\"\/>\n\n\n\n<h3 class=\"wp-block-heading\">Novo design e identidade visual da gama ID.<\/h3>\n\n\n\n<p>O ID.3 Neo estreia a nova linguagem de design \u201cPure Positive\u201d, com destaque para:<\/p>\n\n\n\n<ul class=\"wp-block-list\">\n<li>Nova frente com assinatura luminosa cont\u00ednua<\/li>\n\n\n\n<li>Log\u00f3tipo iluminado<\/li>\n\n\n\n<li>Propor\u00e7\u00f5es mais din\u00e2micas e flu\u00eddas<\/li>\n<\/ul>\n\n\n\n<p>A Volkswagen aproxima assim o compacto el\u00e9trico da nova identidade visual da fam\u00edlia ID., refor\u00e7ando a perce\u00e7\u00e3o de modernidade e efici\u00eancia.<\/p>\n\n\n\n<hr class=\"wp-block-separator has-alpha-channel-opacity\"\/>\n\n\n\n<figure class=\"wp-block-image size-full\"><img decoding=\"async\" width=\"804\" height=\"536\" src=\"https:\/\/plugnow.pt\/wp-content\/uploads\/2026\/04\/unnamed-3.jpg\" alt=\"\" class=\"wp-image-593\" srcset=\"https:\/\/plugnow.pt\/wp-content\/uploads\/2026\/04\/unnamed-3.jpg 804w, https:\/\/plugnow.pt\/wp-content\/uploads\/2026\/04\/unnamed-3-300x200.jpg 300w, https:\/\/plugnow.pt\/wp-content\/uploads\/2026\/04\/unnamed-3-768x512.jpg 768w\" sizes=\"(max-width: 804px) 100vw, 804px\" \/><\/figure>\n\n\n\n<h3 class=\"wp-block-heading\">Interior mais premium e intuitivo<\/h3>\n\n\n\n<p>Um dos maiores saltos face ao modelo anterior est\u00e1 no habit\u00e1culo, que evolui claramente em qualidade e ergonomia.<\/p>\n\n\n\n<p>O novo cockpit inclui:<\/p>\n\n\n\n<ul class=\"wp-block-list\">\n<li>Materiais de n\u00edvel superior<\/li>\n\n\n\n<li>Layout horizontal mais limpo<\/li>\n\n\n\n<li>Novo volante multifun\u00e7\u00f5es redesenhado<\/li>\n\n\n\n<li>Sistema Innovision Cockpit com:\n<ul class=\"wp-block-list\">\n<li>Digital Cockpit de 10,25\u2019\u2019<\/li>\n\n\n\n<li>Ecr\u00e3 central de 12,9\u2019\u2019<\/li>\n<\/ul>\n<\/li>\n<\/ul>\n\n\n\n<p>A interface foi otimizada para uma utiliza\u00e7\u00e3o mais intuitiva, aproximando a experi\u00eancia \u00e0 l\u00f3gica de um smartphone.<\/p>\n\n\n\n<hr class=\"wp-block-separator has-alpha-channel-opacity\"\/>\n\n\n\n<h3 class=\"wp-block-heading\">Autonomia at\u00e9 630 km e maior efici\u00eancia<\/h3>\n\n\n\n<p>O novo sistema de propuls\u00e3o el\u00e9trica melhora simultaneamente o desempenho e a efici\u00eancia, permitindo autonomias at\u00e9 630 km (WLTP), dependendo da bateria.<\/p>\n\n\n\n<p>A gama inclui:<\/p>\n\n\n\n<ul class=\"wp-block-list\">\n<li>50 kWh \u2013 125 kW (170 cv)<\/li>\n\n\n\n<li>58 kWh \u2013 140 kW (190 cv)<\/li>\n\n\n\n<li>79 kWh \u2013 170 kW (231 cv)<\/li>\n<\/ul>\n\n\n\n<p>Em carregamento r\u00e1pido DC:<\/p>\n\n\n\n<ul class=\"wp-block-list\">\n<li>At\u00e9 105 kW nas vers\u00f5es de 50 e 58 kWh<\/li>\n\n\n\n<li>At\u00e9 183 kW na bateria de 79 kWh<\/li>\n<\/ul>\n\n\n\n<hr class=\"wp-block-separator has-alpha-channel-opacity\"\/>\n\n\n\n<figure class=\"wp-block-image size-full\"><img decoding=\"async\" width=\"804\" height=\"536\" src=\"https:\/\/plugnow.pt\/wp-content\/uploads\/2026\/04\/unnamed-4.jpg\" alt=\"\" class=\"wp-image-594\" srcset=\"https:\/\/plugnow.pt\/wp-content\/uploads\/2026\/04\/unnamed-4.jpg 804w, https:\/\/plugnow.pt\/wp-content\/uploads\/2026\/04\/unnamed-4-300x200.jpg 300w, https:\/\/plugnow.pt\/wp-content\/uploads\/2026\/04\/unnamed-4-768x512.jpg 768w\" sizes=\"(max-width: 804px) 100vw, 804px\" \/><\/figure>\n\n\n\n<h3 class=\"wp-block-heading\">Mais tecnologia e condu\u00e7\u00e3o assistida<\/h3>\n\n\n\n<p>O Volkswagen ID.3 Neo incorpora a mais recente gera\u00e7\u00e3o de software da marca, com novas funcionalidades:<\/p>\n\n\n\n<ul class=\"wp-block-list\">\n<li>Connected Travel Assist com reconhecimento de sem\u00e1foros<\/li>\n\n\n\n<li>Condu\u00e7\u00e3o \u201cone-pedal\u201d com regenera\u00e7\u00e3o total at\u00e9 \u00e0 paragem<\/li>\n\n\n\n<li>Atualiza\u00e7\u00f5es e servi\u00e7os digitais via loja integrada<\/li>\n<\/ul>\n\n\n\n<p>Destaque ainda para a fun\u00e7\u00e3o Vehicle-to-Load (V2L), que permite alimentar dispositivos externos at\u00e9 3,6 kW \u2014 desde bicicletas el\u00e9tricas a equipamentos port\u00e1teis.<\/p>\n\n\n\n<hr class=\"wp-block-separator has-alpha-channel-opacity\"\/>\n\n\n\n<h3 class=\"wp-block-heading\">Ecossistema digital e personaliza\u00e7\u00e3o<\/h3>\n\n\n\n<p>O novo sistema de infotainment inclui uma loja de aplica\u00e7\u00f5es integrada, permitindo descarregar servi\u00e7os e funcionalidades adicionais, numa l\u00f3gica semelhante \u00e0 de um smartphone.<\/p>\n\n\n\n<p>Entre os opcionais dispon\u00edveis:<\/p>\n\n\n\n<ul class=\"wp-block-list\">\n<li>Head-up display com realidade aumentada<\/li>\n\n\n\n<li>Sistema de som premium Harman Kardon<\/li>\n\n\n\n<li>Vista 360\u00ba (Area View)<\/li>\n\n\n\n<li>Teto panor\u00e2mico<\/li>\n\n\n\n<li>Bancos com fun\u00e7\u00e3o massagem<\/li>\n<\/ul>\n\n\n\n<hr class=\"wp-block-separator has-alpha-channel-opacity\"\/>\n\n\n\n<figure class=\"wp-block-image size-full\"><img loading=\"lazy\" decoding=\"async\" width=\"804\" height=\"536\" src=\"https:\/\/plugnow.pt\/wp-content\/uploads\/2026\/04\/unnamed-6.jpg\" alt=\"\" class=\"wp-image-595\" srcset=\"https:\/\/plugnow.pt\/wp-content\/uploads\/2026\/04\/unnamed-6.jpg 804w, https:\/\/plugnow.pt\/wp-content\/uploads\/2026\/04\/unnamed-6-300x200.jpg 300w, https:\/\/plugnow.pt\/wp-content\/uploads\/2026\/04\/unnamed-6-768x512.jpg 768w\" sizes=\"(max-width: 804px) 100vw, 804px\" \/><\/figure>\n\n\n\n<h3 class=\"wp-block-heading\">Posicionamento no mercado<\/h3>\n\n\n\n<p>Com esta nova gera\u00e7\u00e3o, o Volkswagen ID.3 Neo refor\u00e7a o seu papel no competitivo segmento dos compactos el\u00e9tricos, onde enfrenta modelos como o Renault Megane E-Tech, o MG4 Electric ou o Peugeot e-308.<\/p>\n\n\n\n<p>Mais do que uma atualiza\u00e7\u00e3o, o ID.3 Neo representa uma resposta direta \u00e0s cr\u00edticas da primeira gera\u00e7\u00e3o, com foco claro em qualidade percebida, experi\u00eancia digital e efici\u00eancia \u2014 tr\u00eas fatores cr\u00edticos para consolidar a posi\u00e7\u00e3o da Volkswagen no mercado europeu de ve\u00edculos el\u00e9tricos.<\/p>\n","protected":false},"excerpt":{"rendered":"<p>A Volkswagen revelou o novo Volkswagen ID.3 Neo, sucessor direto do ID.3, que marca uma evolu\u00e7\u00e3o profunda do<\/p>\n","protected":false},"author":1,"featured_media":0,"comment_status":"open","ping_status":"open","sticky":false,"template":"","format":"standard","meta":{"_acf_changed":false,"footnotes":""},"categories":[24],"tags":[42,106,46,41,63,62],"post_badge":[],"class_list":["post-591","post","type-post","status-publish","format-standard","hentry","category-comprar-electrico","tag-ev","tag-id3","tag-mobilidade-electrica","tag-ve","tag-volkswagen","tag-vw"],"acf":[],"_links":{"self":[{"href":"https:\/\/plugnow.pt\/index.php?rest_route=\/wp\/v2\/posts\/591","targetHints":{"allow":["GET"]}}],"collection":[{"href":"https:\/\/plugnow.pt\/index.php?rest_route=\/wp\/v2\/posts"}],"about":[{"href":"https:\/\/plugnow.pt\/index.php?rest_route=\/wp\/v2\/types\/post"}],"author":[{"embeddable":true,"href":"https:\/\/plugnow.pt\/index.php?rest_route=\/wp\/v2\/users\/1"}],"replies":[{"embeddable":true,"href":"https:\/\/plugnow.pt\/index.php?rest_route=%2Fwp%2Fv2%2Fcomments&post=591"}],"version-history":[{"count":1,"href":"https:\/\/plugnow.pt\/index.php?rest_route=\/wp\/v2\/posts\/591\/revisions"}],"predecessor-version":[{"id":596,"href":"https:\/\/plugnow.pt\/index.php?rest_route=\/wp\/v2\/posts\/591\/revisions\/596"}],"wp:attachment":[{"href":"https:\/\/plugnow.pt\/index.php?rest_route=%2Fwp%2Fv2%2Fmedia&parent=591"}],"wp:term":[{"taxonomy":"category","embeddable":true,"href":"https:\/\/plugnow.pt\/index.php?rest_route=%2Fwp%2Fv2%2Fcategories&post=591"},{"taxonomy":"post_tag","embeddable":true,"href":"https:\/\/plugnow.pt\/index.php?rest_route=%2Fwp%2Fv2%2Ftags&post=591"},{"taxonomy":"post_badge","embeddable":true,"href":"https:\/\/plugnow.pt\/index.php?rest_route=%2Fwp%2Fv2%2Fpost_badge&post=591"}],"curies":[{"name":"wp","href":"https:\/\/api.w.org\/{rel}","templated":true}]}}