{"id":586,"date":"2026-04-15T19:00:59","date_gmt":"2026-04-15T19:00:59","guid":{"rendered":"https:\/\/plugnow.pt\/?p=586"},"modified":"2026-04-15T19:01:00","modified_gmt":"2026-04-15T19:01:00","slug":"mercedes-benz-renova-mercedes-benz-gle-com-ia-mais-potencia-e-conforto-inteligente","status":"publish","type":"post","link":"https:\/\/plugnow.pt\/?p=586","title":{"rendered":"Mercedes-Benz renova Mercedes-Benz GLE com IA, mais pot\u00eancia e conforto inteligente"},"content":{"rendered":"\n<figure class=\"wp-block-image size-large\"><img fetchpriority=\"high\" decoding=\"async\" width=\"1024\" height=\"683\" src=\"https:\/\/plugnow.pt\/wp-content\/uploads\/2026\/04\/1920_26c0029_001-1024x683.jpg\" alt=\"\" class=\"wp-image-587\" srcset=\"https:\/\/plugnow.pt\/wp-content\/uploads\/2026\/04\/1920_26c0029_001-1024x683.jpg 1024w, https:\/\/plugnow.pt\/wp-content\/uploads\/2026\/04\/1920_26c0029_001-300x200.jpg 300w, https:\/\/plugnow.pt\/wp-content\/uploads\/2026\/04\/1920_26c0029_001-768x512.jpg 768w, https:\/\/plugnow.pt\/wp-content\/uploads\/2026\/04\/1920_26c0029_001-1536x1024.jpg 1536w, https:\/\/plugnow.pt\/wp-content\/uploads\/2026\/04\/1920_26c0029_001.jpg 1800w\" sizes=\"(max-width: 1024px) 100vw, 1024px\" \/><\/figure>\n\n\n\n<p>A Mercedes-Benz apresentou a nova gera\u00e7\u00e3o do Mercedes-Benz GLE, refor\u00e7ando a proposta do SUV premium com uma combina\u00e7\u00e3o de maior desempenho, digitaliza\u00e7\u00e3o avan\u00e7ada e conforto inteligente. Com cerca de 3.000 componentes novos ou revistos, o modelo surge profundamente atualizado em todas as dimens\u00f5es.<\/p>\n\n\n\n<hr class=\"wp-block-separator has-alpha-channel-opacity\"\/>\n\n\n\n<h3 class=\"wp-block-heading\">Mais pot\u00eancia e conforto refinado<\/h3>\n\n\n\n<p>A nova gama de motores eleva o desempenho do GLE, garantindo simultaneamente um n\u00edvel superior de conforto ac\u00fastico (NVH). A marca alem\u00e3 aposta numa experi\u00eancia de condu\u00e7\u00e3o mais suave e silenciosa, sem comprometer a capacidade din\u00e2mica e off-road \u2014 uma das assinaturas hist\u00f3ricas do modelo desde o Mercedes-Benz M-Class.<\/p>\n\n\n\n<hr class=\"wp-block-separator has-alpha-channel-opacity\"\/>\n\n\n\n<h3 class=\"wp-block-heading\">SUV definido por software com intelig\u00eancia artificial<\/h3>\n\n\n\n<p>Tal como no topo de gama el\u00e9trico EQS, o GLE passa a integrar o novo Mercedes-Benz Operating System, transformando-o num ve\u00edculo cada vez mais definido por software.<\/p>\n\n\n\n<p>O sistema inclui:<\/p>\n\n\n\n<ul class=\"wp-block-list\">\n<li>Supercomputador com intelig\u00eancia artificial<\/li>\n\n\n\n<li>Atualiza\u00e7\u00f5es remotas (over-the-air)<\/li>\n\n\n\n<li>Integra\u00e7\u00e3o total com a cloud da marca<\/li>\n<\/ul>\n\n\n\n<p>O MBUX Virtual Assistant evolui para intera\u00e7\u00f5es mais naturais, com capacidade para di\u00e1logos complexos e personalizados.<\/p>\n\n\n\n<figure class=\"wp-block-image size-full\"><img decoding=\"async\" width=\"800\" height=\"533\" src=\"https:\/\/plugnow.pt\/wp-content\/uploads\/2026\/04\/800_26c0029_007.jpg\" alt=\"\" class=\"wp-image-588\" srcset=\"https:\/\/plugnow.pt\/wp-content\/uploads\/2026\/04\/800_26c0029_007.jpg 800w, https:\/\/plugnow.pt\/wp-content\/uploads\/2026\/04\/800_26c0029_007-300x200.jpg 300w, https:\/\/plugnow.pt\/wp-content\/uploads\/2026\/04\/800_26c0029_007-768x512.jpg 768w\" sizes=\"(max-width: 800px) 100vw, 800px\" \/><\/figure>\n\n\n\n<hr class=\"wp-block-separator has-alpha-channel-opacity\"\/>\n\n\n\n<h3 class=\"wp-block-heading\">Novo cockpit digital com MBUX Superscreen<\/h3>\n\n\n\n<p>O interior assume uma forte componente tecnol\u00f3gica com o MBUX Superscreen, de s\u00e9rie, que integra tr\u00eas ecr\u00e3s de 12,3 polegadas sob uma superf\u00edcie cont\u00ednua em vidro.<\/p>\n\n\n\n<p>A experi\u00eancia digital \u00e9 complementada por:<\/p>\n\n\n\n<ul class=\"wp-block-list\">\n<li>Navega\u00e7\u00e3o integrada com Google Maps<\/li>\n\n\n\n<li>Personaliza\u00e7\u00e3o de ambientes e interfaces<\/li>\n\n\n\n<li>Novo volante com controlo \u201crocker-and-roller\u201d<\/li>\n<\/ul>\n\n\n\n<hr class=\"wp-block-separator has-alpha-channel-opacity\"\/>\n\n\n\n<h3 class=\"wp-block-heading\">Conforto inteligente com suspens\u00e3o preditiva<\/h3>\n\n\n\n<p>Um dos avan\u00e7os mais relevantes est\u00e1 no sistema de suspens\u00e3o:<\/p>\n\n\n\n<ul class=\"wp-block-list\">\n<li>E-ACTIVE BODY CONTROL ajusta individualmente cada roda<\/li>\n\n\n\n<li>Novo controlo de amortecimento baseado na cloud antecipa irregularidades da estrada<\/li>\n<\/ul>\n\n\n\n<p>O resultado \u00e9 uma condu\u00e7\u00e3o extremamente suave, com capacidade de adapta\u00e7\u00e3o em tempo real \u2014 tanto em estrada como fora dela.<\/p>\n\n\n\n<hr class=\"wp-block-separator has-alpha-channel-opacity\"\/>\n\n\n\n<h3 class=\"wp-block-heading\">Assist\u00eancia avan\u00e7ada e seguran\u00e7a<\/h3>\n\n\n\n<p>A nova gera\u00e7\u00e3o do sistema MB.DRIVE utiliza uma arquitetura de sensores abrangente:<\/p>\n\n\n\n<ul class=\"wp-block-list\">\n<li>10 c\u00e2maras<\/li>\n\n\n\n<li>At\u00e9 5 radares<\/li>\n\n\n\n<li>12 sensores ultrass\u00f3nicos<\/li>\n<\/ul>\n\n\n\n<p>Esta combina\u00e7\u00e3o permite assist\u00eancia em praticamente todas as situa\u00e7\u00f5es de condu\u00e7\u00e3o, elevando os padr\u00f5es de seguran\u00e7a ativa.<\/p>\n\n\n\n<hr class=\"wp-block-separator has-alpha-channel-opacity\"\/>\n\n\n\n<figure class=\"wp-block-image size-full\"><img decoding=\"async\" width=\"800\" height=\"533\" src=\"https:\/\/plugnow.pt\/wp-content\/uploads\/2026\/04\/800_26c0029_002.jpg\" alt=\"\" class=\"wp-image-589\" srcset=\"https:\/\/plugnow.pt\/wp-content\/uploads\/2026\/04\/800_26c0029_002.jpg 800w, https:\/\/plugnow.pt\/wp-content\/uploads\/2026\/04\/800_26c0029_002-300x200.jpg 300w, https:\/\/plugnow.pt\/wp-content\/uploads\/2026\/04\/800_26c0029_002-768x512.jpg 768w\" sizes=\"(max-width: 800px) 100vw, 800px\" \/><\/figure>\n\n\n\n<h3 class=\"wp-block-heading\">Design mais expressivo e tecnol\u00f3gico<\/h3>\n\n\n\n<p>Exteriormente, o novo Mercedes-Benz GLE refor\u00e7a a sua presen\u00e7a com:<\/p>\n\n\n\n<ul class=\"wp-block-list\">\n<li>Grelha redesenhada com ilumina\u00e7\u00e3o de contorno<\/li>\n\n\n\n<li>Estrela central iluminada<\/li>\n\n\n\n<li>Nova assinatura luminosa com motivos em forma de estrela<\/li>\n\n\n\n<li>Tecnologia DIGITAL LIGHT mais eficiente<\/li>\n<\/ul>\n\n\n\n<hr class=\"wp-block-separator has-alpha-channel-opacity\"\/>\n\n\n\n<h3 class=\"wp-block-heading\">Versatilidade e capacidade<\/h3>\n\n\n\n<p>O GLE mant\u00e9m o seu posicionamento como SUV familiar e vers\u00e1til, com destaque para:<\/p>\n\n\n\n<ul class=\"wp-block-list\">\n<li>Capacidade de reboque at\u00e9 3,5 toneladas<\/li>\n\n\n\n<li>Tejadilho panor\u00e2mico de grandes dimens\u00f5es (de s\u00e9rie)<\/li>\n\n\n\n<li>Sistema de purifica\u00e7\u00e3o de ar ENERGIZING AIR CONTROL<\/li>\n<\/ul>\n\n\n\n<hr class=\"wp-block-separator has-alpha-channel-opacity\"\/>\n\n\n\n<h3 class=\"wp-block-heading\">Posicionamento no mercado<\/h3>\n\n\n\n<p>Com esta atualiza\u00e7\u00e3o, o Mercedes-Benz GLE refor\u00e7a a sua posi\u00e7\u00e3o num dos segmentos mais competitivos do mercado premium, enfrentando rivais diretos como o BMW X5 e o Audi Q7.<\/p>\n\n\n\n<p>Mais do que uma evolu\u00e7\u00e3o est\u00e9tica, o novo GLE evidencia a transi\u00e7\u00e3o dos SUV premium para plataformas cada vez mais digitais, inteligentes e adaptativas \u2014 onde o software, a conectividade e a experi\u00eancia a bordo assumem um papel central.<\/p>\n","protected":false},"excerpt":{"rendered":"<p>A Mercedes-Benz apresentou a nova gera\u00e7\u00e3o do Mercedes-Benz GLE, refor\u00e7ando a proposta do SUV premium com uma combina\u00e7\u00e3o<\/p>\n","protected":false},"author":1,"featured_media":0,"comment_status":"open","ping_status":"open","sticky":false,"template":"","format":"standard","meta":{"_acf_changed":false,"footnotes":""},"categories":[24,22],"tags":[42,115,20,46,41],"post_badge":[],"class_list":["post-586","post","type-post","status-publish","format-standard","hentry","category-comprar-electrico","category-comunicados-de-imprensa","tag-ev","tag-gle","tag-mercedes","tag-mobilidade-electrica","tag-ve"],"acf":[],"_links":{"self":[{"href":"https:\/\/plugnow.pt\/index.php?rest_route=\/wp\/v2\/posts\/586","targetHints":{"allow":["GET"]}}],"collection":[{"href":"https:\/\/plugnow.pt\/index.php?rest_route=\/wp\/v2\/posts"}],"about":[{"href":"https:\/\/plugnow.pt\/index.php?rest_route=\/wp\/v2\/types\/post"}],"author":[{"embeddable":true,"href":"https:\/\/plugnow.pt\/index.php?rest_route=\/wp\/v2\/users\/1"}],"replies":[{"embeddable":true,"href":"https:\/\/plugnow.pt\/index.php?rest_route=%2Fwp%2Fv2%2Fcomments&post=586"}],"version-history":[{"count":1,"href":"https:\/\/plugnow.pt\/index.php?rest_route=\/wp\/v2\/posts\/586\/revisions"}],"predecessor-version":[{"id":590,"href":"https:\/\/plugnow.pt\/index.php?rest_route=\/wp\/v2\/posts\/586\/revisions\/590"}],"wp:attachment":[{"href":"https:\/\/plugnow.pt\/index.php?rest_route=%2Fwp%2Fv2%2Fmedia&parent=586"}],"wp:term":[{"taxonomy":"category","embeddable":true,"href":"https:\/\/plugnow.pt\/index.php?rest_route=%2Fwp%2Fv2%2Fcategories&post=586"},{"taxonomy":"post_tag","embeddable":true,"href":"https:\/\/plugnow.pt\/index.php?rest_route=%2Fwp%2Fv2%2Ftags&post=586"},{"taxonomy":"post_badge","embeddable":true,"href":"https:\/\/plugnow.pt\/index.php?rest_route=%2Fwp%2Fv2%2Fpost_badge&post=586"}],"curies":[{"name":"wp","href":"https:\/\/api.w.org\/{rel}","templated":true}]}}