{"id":579,"date":"2026-04-15T18:56:57","date_gmt":"2026-04-15T18:56:57","guid":{"rendered":"https:\/\/plugnow.pt\/?p=579"},"modified":"2026-04-15T18:56:58","modified_gmt":"2026-04-15T18:56:58","slug":"mercedes-benz-renova-mercedes-benz-eqs-com-mais-autonomia-ia-e-direcao-steer-by-wire","status":"publish","type":"post","link":"https:\/\/plugnow.pt\/?p=579","title":{"rendered":"Mercedes-Benz renova Mercedes-Benz EQS com mais autonomia, IA e dire\u00e7\u00e3o \u201csteer-by-wire\u201d"},"content":{"rendered":"\n<figure class=\"wp-block-image size-large\"><img fetchpriority=\"high\" decoding=\"async\" width=\"1024\" height=\"576\" src=\"https:\/\/plugnow.pt\/wp-content\/uploads\/2026\/04\/26c0110_005-1024x576.jpg\" alt=\"\" class=\"wp-image-580\" srcset=\"https:\/\/plugnow.pt\/wp-content\/uploads\/2026\/04\/26c0110_005-1024x576.jpg 1024w, https:\/\/plugnow.pt\/wp-content\/uploads\/2026\/04\/26c0110_005-300x169.jpg 300w, https:\/\/plugnow.pt\/wp-content\/uploads\/2026\/04\/26c0110_005-768x432.jpg 768w, https:\/\/plugnow.pt\/wp-content\/uploads\/2026\/04\/26c0110_005-1536x864.jpg 1536w, https:\/\/plugnow.pt\/wp-content\/uploads\/2026\/04\/26c0110_005-2048x1152.jpg 2048w\" sizes=\"(max-width: 1024px) 100vw, 1024px\" \/><figcaption class=\"wp-element-caption\">Mercedes-Benz EQS 580 4MATIC\rLack: MANUFAKTUR black sparkling\rInnen: Exclusiv Nappa macchiatobeige \/ spacegrey\r\rMercedes-Benz EQS 580 4MATIC | Energieverbrauch kombiniert: 19,5-16,2 kWh\/100 km | CO\u2082-Emissionen kombiniert: 0 g\/km | CO\u2082-Klasse: A;Mercedes-Benz EQS 580 4MATIC | Energieverbrauch kombiniert: 19,5-16,2 kWh\/100 km | CO\u2082-Emissionen kombiniert: 0 g\/km | CO\u2082-Klasse: A*\r\rMercedes-Benz EQS 580 4MATIC\rLack: MANUFAKTUR black sparkling\rInnen: Exclusiv Nappa macchiatobeige \/ spacegrey\r\rMercedes-Benz EQS 580 4MATIC | energy consumption combined: 19.5-16.2 kWh\/100 km | CO\u2082 emissions combined: 0 g\/km | CO\u2082 class: A;Mercedes-Benz EQS 580 4MATIC | energy consumption combined: 19.5-16.2 kWh\/100 km | CO\u2082 emissions combined: 0 g\/km | CO\u2082 class: A*<\/figcaption><\/figure>\n\n\n\n<p>A Mercedes-Benz apresentou a mais recente evolu\u00e7\u00e3o do Mercedes-Benz EQS, refor\u00e7ando o posicionamento da berlina el\u00e9trica como refer\u00eancia tecnol\u00f3gica no segmento premium. Com autonomia at\u00e9 867 km (WLTP), carregamento ultrarr\u00e1pido e novas solu\u00e7\u00f5es digitais baseadas em intelig\u00eancia artificial, o modelo eleva o patamar da mobilidade el\u00e9trica de luxo.<\/p>\n\n\n\n<p>O novo EQS j\u00e1 est\u00e1 dispon\u00edvel para encomenda em Portugal, com pre\u00e7os a partir de 114.300 euros.<\/p>\n\n\n\n<hr class=\"wp-block-separator has-alpha-channel-opacity\"\/>\n\n\n\n<h3 class=\"wp-block-heading\">Autonomia de refer\u00eancia e carregamento ultrarr\u00e1pido<\/h3>\n\n\n\n<p>Um dos principais destaques \u00e9 o aumento da autonomia para at\u00e9 867 km (WLTP) na vers\u00e3o EQS 450+, um crescimento de cerca de 13% face ao modelo anterior.<\/p>\n\n\n\n<p>A nova arquitetura el\u00e9trica de 800 volts permite pot\u00eancias de carregamento at\u00e9 350 kW, traduzindo-se em ganhos pr\u00e1ticos relevantes:<\/p>\n\n\n\n<ul class=\"wp-block-list\">\n<li>At\u00e9 320 km de autonomia em apenas 10 minutos<\/li>\n\n\n\n<li>Carregamento eficiente tamb\u00e9m em redes de 400V (at\u00e9 175 kW)<\/li>\n<\/ul>\n\n\n\n<p>A efici\u00eancia \u00e9 refor\u00e7ada por um sistema de regenera\u00e7\u00e3o com pot\u00eancia at\u00e9 385 kW, maximizando a recupera\u00e7\u00e3o de energia em desacelera\u00e7\u00e3o.<\/p>\n\n\n\n<hr class=\"wp-block-separator has-alpha-channel-opacity\"\/>\n\n\n\n<figure class=\"wp-block-image size-large\"><img decoding=\"async\" width=\"1024\" height=\"683\" src=\"https:\/\/plugnow.pt\/wp-content\/uploads\/2026\/04\/26c0111_001-1024x683.jpg\" alt=\"\" class=\"wp-image-582\" srcset=\"https:\/\/plugnow.pt\/wp-content\/uploads\/2026\/04\/26c0111_001-1024x683.jpg 1024w, https:\/\/plugnow.pt\/wp-content\/uploads\/2026\/04\/26c0111_001-300x200.jpg 300w, https:\/\/plugnow.pt\/wp-content\/uploads\/2026\/04\/26c0111_001-768x512.jpg 768w, https:\/\/plugnow.pt\/wp-content\/uploads\/2026\/04\/26c0111_001-1536x1024.jpg 1536w, https:\/\/plugnow.pt\/wp-content\/uploads\/2026\/04\/26c0111_001-2048x1365.jpg 2048w\" sizes=\"(max-width: 1024px) 100vw, 1024px\" \/><figcaption class=\"wp-element-caption\">Mercedes-Benz EQS 580 4MATIC. \rLack: MANUFAKTUR black sparkling. Innen: Exclusiv Nappa macchiatobeige \/ spacegrey \r\rMercedes-Benz EQS 580 4MATIC | Energieverbrauch kombiniert: 19,5-16,2 kWh\/100 km | CO\u2082-Emissionen kombiniert: 0 g\/km | CO\u2082-Klasse: A;Mercedes-Benz EQS 580 4MATIC | Energieverbrauch kombiniert: 19,5-16,2 kWh\/100 km | CO\u2082-Emissionen kombiniert: 0 g\/km | CO\u2082-Klasse: A*\r\rMercedes-Benz EQS 580 4MATIC. Paint: MANUFAKTUR black sparkling. Interior: Exclusiv Nappa macchiatobeige \/ spacegrey\r \rMercedes-Benz EQS 580 4MATIC | energy consumption combined: 19.5-16.2 kWh\/100 km | CO\u2082 emissions combined: 0 g\/km | CO\u2082 class: A;Mercedes-Benz EQS 580 4MATIC | energy consumption combined: 19.5-16.2 kWh\/100 km | CO\u2082 emissions combined: 0 g\/km | CO\u2082 class: A*<\/figcaption><\/figure>\n\n\n\n<h3 class=\"wp-block-heading\">Estreia do \u201csteer-by-wire\u201d na produ\u00e7\u00e3o alem\u00e3<\/h3>\n\n\n\n<p>O novo EQS marca um ponto de viragem ao introduzir tecnologia steer-by-wire \u2014 eliminando a liga\u00e7\u00e3o mec\u00e2nica tradicional entre volante e rodas.<\/p>\n\n\n\n<p>A Mercedes-Benz torna-se assim o primeiro construtor alem\u00e3o a aplicar este sistema num modelo de produ\u00e7\u00e3o em s\u00e9rie, permitindo:<\/p>\n\n\n\n<ul class=\"wp-block-list\">\n<li>Dire\u00e7\u00e3o mais precisa e adaptativa<\/li>\n\n\n\n<li>Novas possibilidades de configura\u00e7\u00e3o do interior<\/li>\n\n\n\n<li>Experi\u00eancia de condu\u00e7\u00e3o mais personalizada<\/li>\n<\/ul>\n\n\n\n<hr class=\"wp-block-separator has-alpha-channel-opacity\"\/>\n\n\n\n<h3 class=\"wp-block-heading\">Supercomputador com IA e novo sistema operativo<\/h3>\n\n\n\n<p>No centro da evolu\u00e7\u00e3o tecnol\u00f3gica est\u00e1 o novo sistema Mercedes-Benz Operating System (MB.OS), que transforma o EQS num ve\u00edculo definido por software.<\/p>\n\n\n\n<p>Este sistema integra:<\/p>\n\n\n\n<ul class=\"wp-block-list\">\n<li>Supercomputador com intelig\u00eancia artificial<\/li>\n\n\n\n<li>Atualiza\u00e7\u00f5es over-the-air cont\u00ednuas<\/li>\n\n\n\n<li>Integra\u00e7\u00e3o com a cloud da marca<\/li>\n<\/ul>\n\n\n\n<p>O assistente virtual MBUX evolui significativamente, permitindo intera\u00e7\u00f5es mais naturais e contextuais, com capacidade para antecipar necessidades do condutor.<\/p>\n\n\n\n<hr class=\"wp-block-separator has-alpha-channel-opacity\"\/>\n\n\n\n<h3 class=\"wp-block-heading\">Experi\u00eancia digital e conforto de topo<\/h3>\n\n\n\n<figure class=\"wp-block-image size-large\"><img decoding=\"async\" width=\"1024\" height=\"576\" src=\"https:\/\/plugnow.pt\/wp-content\/uploads\/2026\/04\/26c0110_006-1024x576.jpg\" alt=\"\" class=\"wp-image-583\" srcset=\"https:\/\/plugnow.pt\/wp-content\/uploads\/2026\/04\/26c0110_006-1024x576.jpg 1024w, https:\/\/plugnow.pt\/wp-content\/uploads\/2026\/04\/26c0110_006-300x169.jpg 300w, https:\/\/plugnow.pt\/wp-content\/uploads\/2026\/04\/26c0110_006-768x432.jpg 768w, https:\/\/plugnow.pt\/wp-content\/uploads\/2026\/04\/26c0110_006-1536x864.jpg 1536w, https:\/\/plugnow.pt\/wp-content\/uploads\/2026\/04\/26c0110_006-2048x1152.jpg 2048w\" sizes=\"(max-width: 1024px) 100vw, 1024px\" \/><figcaption class=\"wp-element-caption\">Mercedes-Benz EQS 580 4MATIC\rLack: MANUFAKTUR black sparkling\rInnen: Exclusiv Nappa macchiatobeige \/ spacegrey\r\rMercedes-Benz EQS 580 4MATIC | Energieverbrauch kombiniert: 19,5-16,2 kWh\/100 km | CO\u2082-Emissionen kombiniert: 0 g\/km | CO\u2082-Klasse: A;Mercedes-Benz EQS 580 4MATIC | Energieverbrauch kombiniert: 19,5-16,2 kWh\/100 km | CO\u2082-Emissionen kombiniert: 0 g\/km | CO\u2082-Klasse: A*\r\rMercedes-Benz EQS 580 4MATIC\rLack: MANUFAKTUR black sparkling\rInnen: Exclusiv Nappa macchiatobeige \/ spacegrey\r\rMercedes-Benz EQS 580 4MATIC | energy consumption combined: 19.5-16.2 kWh\/100 km | CO\u2082 emissions combined: 0 g\/km | CO\u2082 class: A;Mercedes-Benz EQS 580 4MATIC | energy consumption combined: 19.5-16.2 kWh\/100 km | CO\u2082 emissions combined: 0 g\/km | CO\u2082 class: A*<\/figcaption><\/figure>\n\n\n\n<p>O interior mant\u00e9m o foco na experi\u00eancia premium, com destaque para o MBUX Hyperscreen \u2014 um painel cont\u00ednuo com mais de 55 polegadas que integra tr\u00eas ecr\u00e3s sob uma superf\u00edcie de vidro.<\/p>\n\n\n\n<p>Outros destaques incluem:<\/p>\n\n\n\n<ul class=\"wp-block-list\">\n<li>Sistema DIGITAL LIGHT com maior alcance (at\u00e9 600 metros) e menor consumo<\/li>\n\n\n\n<li>Suspens\u00e3o AIRMATIC com ajuste preditivo via cloud<\/li>\n\n\n\n<li>Sistema de purifica\u00e7\u00e3o de ar HEPA (99,65% de part\u00edculas filtradas)<\/li>\n\n\n\n<li>Bancos traseiros com ecr\u00e3s dedicados de 13,1\u2019\u2019<\/li>\n<\/ul>\n\n\n\n<hr class=\"wp-block-separator has-alpha-channel-opacity\"\/>\n\n\n\n<h3 class=\"wp-block-heading\">Efici\u00eancia e aerodin\u00e2mica de refer\u00eancia<\/h3>\n\n\n\n<p>O EQS mant\u00e9m-se como um dos modelos mais eficientes do mercado, com um coeficiente aerodin\u00e2mico de apenas 0,20 \u2014 um dos mais baixos em ve\u00edculos de produ\u00e7\u00e3o.<\/p>\n\n\n\n<p>A nova gera\u00e7\u00e3o incorpora ainda baterias com qu\u00edmica otimizada e maior densidade energ\u00e9tica, contribuindo para o aumento de autonomia e efici\u00eancia global.<\/p>\n\n\n\n<hr class=\"wp-block-separator has-alpha-channel-opacity\"\/>\n\n\n\n<h3 class=\"wp-block-heading\">Posicionamento no mercado<\/h3>\n\n\n\n<p>Com esta atualiza\u00e7\u00e3o, o Mercedes-Benz EQS refor\u00e7a o seu papel como laborat\u00f3rio tecnol\u00f3gico da marca, competindo diretamente com propostas como o BMW i7 ou o Tesla Model S.<\/p>\n\n\n\n<p>Mais do que uma atualiza\u00e7\u00e3o, este modelo evidencia a transi\u00e7\u00e3o da ind\u00fastria para ve\u00edculos definidos por software, onde desempenho, autonomia e experi\u00eancia digital evoluem de forma cont\u00ednua ao longo do ciclo de vida.<\/p>\n","protected":false},"excerpt":{"rendered":"<p>A Mercedes-Benz apresentou a mais recente evolu\u00e7\u00e3o do Mercedes-Benz EQS, refor\u00e7ando o posicionamento da berlina el\u00e9trica como refer\u00eancia<\/p>\n","protected":false},"author":1,"featured_media":0,"comment_status":"open","ping_status":"open","sticky":false,"template":"","format":"standard","meta":{"_acf_changed":false,"footnotes":""},"categories":[24,22],"tags":[114,42,20,46,41],"post_badge":[],"class_list":["post-579","post","type-post","status-publish","format-standard","hentry","category-comprar-electrico","category-comunicados-de-imprensa","tag-eqs","tag-ev","tag-mercedes","tag-mobilidade-electrica","tag-ve"],"acf":[],"_links":{"self":[{"href":"https:\/\/plugnow.pt\/index.php?rest_route=\/wp\/v2\/posts\/579","targetHints":{"allow":["GET"]}}],"collection":[{"href":"https:\/\/plugnow.pt\/index.php?rest_route=\/wp\/v2\/posts"}],"about":[{"href":"https:\/\/plugnow.pt\/index.php?rest_route=\/wp\/v2\/types\/post"}],"author":[{"embeddable":true,"href":"https:\/\/plugnow.pt\/index.php?rest_route=\/wp\/v2\/users\/1"}],"replies":[{"embeddable":true,"href":"https:\/\/plugnow.pt\/index.php?rest_route=%2Fwp%2Fv2%2Fcomments&post=579"}],"version-history":[{"count":1,"href":"https:\/\/plugnow.pt\/index.php?rest_route=\/wp\/v2\/posts\/579\/revisions"}],"predecessor-version":[{"id":584,"href":"https:\/\/plugnow.pt\/index.php?rest_route=\/wp\/v2\/posts\/579\/revisions\/584"}],"wp:attachment":[{"href":"https:\/\/plugnow.pt\/index.php?rest_route=%2Fwp%2Fv2%2Fmedia&parent=579"}],"wp:term":[{"taxonomy":"category","embeddable":true,"href":"https:\/\/plugnow.pt\/index.php?rest_route=%2Fwp%2Fv2%2Fcategories&post=579"},{"taxonomy":"post_tag","embeddable":true,"href":"https:\/\/plugnow.pt\/index.php?rest_route=%2Fwp%2Fv2%2Ftags&post=579"},{"taxonomy":"post_badge","embeddable":true,"href":"https:\/\/plugnow.pt\/index.php?rest_route=%2Fwp%2Fv2%2Fpost_badge&post=579"}],"curies":[{"name":"wp","href":"https:\/\/api.w.org\/{rel}","templated":true}]}}