{"id":574,"date":"2026-04-14T19:18:26","date_gmt":"2026-04-14T19:18:26","guid":{"rendered":"https:\/\/plugnow.pt\/?p=574"},"modified":"2026-04-14T19:18:27","modified_gmt":"2026-04-14T19:18:27","slug":"nissan-revela-juke-100-eletrico-e-acelera-ofensiva-na-europa","status":"publish","type":"post","link":"https:\/\/plugnow.pt\/?p=574","title":{"rendered":"Nissan revela JUKE 100% el\u00e9trico e acelera ofensiva na Europa"},"content":{"rendered":"\n<figure class=\"wp-block-image size-full\"><img fetchpriority=\"high\" decoding=\"async\" width=\"928\" height=\"928\" src=\"https:\/\/plugnow.pt\/wp-content\/uploads\/2026\/04\/preview-928x522-3.jpg\" alt=\"\" class=\"wp-image-577\" srcset=\"https:\/\/plugnow.pt\/wp-content\/uploads\/2026\/04\/preview-928x522-3.jpg 928w, https:\/\/plugnow.pt\/wp-content\/uploads\/2026\/04\/preview-928x522-3-300x300.jpg 300w, https:\/\/plugnow.pt\/wp-content\/uploads\/2026\/04\/preview-928x522-3-150x150.jpg 150w, https:\/\/plugnow.pt\/wp-content\/uploads\/2026\/04\/preview-928x522-3-768x768.jpg 768w\" sizes=\"(max-width: 928px) 100vw, 928px\" \/><\/figure>\n\n\n\n<p>A Nissan apresentou a terceira gera\u00e7\u00e3o do Nissan JUKE, agora pela primeira vez totalmente el\u00e9trica, refor\u00e7ando a sua estrat\u00e9gia de eletrifica\u00e7\u00e3o no mercado europeu. A estreia mundial teve lugar no evento Vision, no Jap\u00e3o, antecipando o lan\u00e7amento comercial previsto para a primavera de 2027.<\/p>\n\n\n\n<h3 class=\"wp-block-heading\">Um \u00edcone reinventado para a era el\u00e9trica<\/h3>\n\n\n\n<p>Desde a sua introdu\u00e7\u00e3o em 2010, o JUKE afirmou-se como um dos modelos mais disruptivos do segmento B-SUV, acumulando cerca de 1,5 milh\u00f5es de unidades vendidas na Europa. A nova gera\u00e7\u00e3o mant\u00e9m esse posicionamento emocional e diferenciador, agora com uma arquitetura totalmente el\u00e9trica baseada na plataforma CMF-EV.<\/p>\n\n\n\n<p>O modelo ser\u00e1 produzido na f\u00e1brica de Sunderland, no Reino Unido, refor\u00e7ando o papel estrat\u00e9gico desta unidade na transi\u00e7\u00e3o el\u00e9trica da marca \u2014 j\u00e1 respons\u00e1vel pela produ\u00e7\u00e3o do Nissan LEAF.<\/p>\n\n\n\n<h3 class=\"wp-block-heading\">Gama el\u00e9trica em expans\u00e3o na Europa<\/h3>\n\n\n\n<p>O novo JUKE integra uma ofensiva mais ampla da Nissan no segmento el\u00e9trico europeu, que inclui modelos como:<\/p>\n\n\n\n<ul class=\"wp-block-list\">\n<li>Nissan MICRA EV<\/li>\n\n\n\n<li>Nissan LEAF<\/li>\n\n\n\n<li>Nissan Ariya<\/li>\n\n\n\n<li>Nissan Townstar<\/li>\n<\/ul>\n\n\n\n<p>A estrat\u00e9gia passa por cobrir m\u00faltiplos segmentos com solu\u00e7\u00f5es 100% el\u00e9tricas, complementadas por tecnologia h\u00edbrida e-POWER, j\u00e1 presente em modelos como o Nissan Qashqai e-POWER.<\/p>\n\n\n\n<figure class=\"wp-block-image size-full\"><img decoding=\"async\" width=\"928\" height=\"928\" src=\"https:\/\/plugnow.pt\/wp-content\/uploads\/2026\/04\/preview-928x522-5.jpg\" alt=\"\" class=\"wp-image-575\" srcset=\"https:\/\/plugnow.pt\/wp-content\/uploads\/2026\/04\/preview-928x522-5.jpg 928w, https:\/\/plugnow.pt\/wp-content\/uploads\/2026\/04\/preview-928x522-5-300x300.jpg 300w, https:\/\/plugnow.pt\/wp-content\/uploads\/2026\/04\/preview-928x522-5-150x150.jpg 150w, https:\/\/plugnow.pt\/wp-content\/uploads\/2026\/04\/preview-928x522-5-768x768.jpg 768w\" sizes=\"(max-width: 928px) 100vw, 928px\" \/><\/figure>\n\n\n\n<h3 class=\"wp-block-heading\">Integra\u00e7\u00e3o energ\u00e9tica e tecnologia V2G<\/h3>\n\n\n\n<p>Tal como o novo LEAF, o JUKE el\u00e9trico dever\u00e1 incorporar tecnologia Vehicle-to-Grid (V2G), permitindo que o ve\u00edculo funcione como elemento ativo no sistema energ\u00e9tico \u2014 armazenando e devolvendo energia \u00e0 rede.<\/p>\n\n\n\n<p>Esta abordagem posiciona o autom\u00f3vel n\u00e3o apenas como meio de transporte, mas como ativo energ\u00e9tico, alinhado com a evolu\u00e7\u00e3o dos ecossistemas de mobilidade el\u00e9trica.<\/p>\n\n\n\n<h3 class=\"wp-block-heading\">Europa no centro da estrat\u00e9gia<\/h3>\n\n\n\n<p>A Nissan refor\u00e7a o papel da Europa como hub de desenvolvimento, produ\u00e7\u00e3o e inova\u00e7\u00e3o, com opera\u00e7\u00f5es distribu\u00eddas por Reino Unido, Espanha e Alemanha. O investimento regional visa acelerar a transi\u00e7\u00e3o para a mobilidade de zero emiss\u00f5es num mercado cada vez mais competitivo.<\/p>\n\n\n\n<p>Segundo Massimiliano Messina, Chairman da Nissan AMIEO, \u201ca Europa \u00e9 central para a estrat\u00e9gia de eletrifica\u00e7\u00e3o da marca\u201d, destacando a expans\u00e3o da gama e a aposta cont\u00ednua em inova\u00e7\u00e3o.<\/p>\n\n\n\n<h3 class=\"wp-block-heading\">Lan\u00e7amento em 2027<\/h3>\n\n\n\n<p>O novo Nissan JUKE dever\u00e1 chegar ao mercado europeu na primavera de 2027, assumindo-se como uma pe\u00e7a-chave na democratiza\u00e7\u00e3o da mobilidade el\u00e9trica no segmento dos crossovers compactos.<\/p>\n\n\n\n<figure class=\"wp-block-image size-full\"><img decoding=\"async\" width=\"928\" height=\"928\" src=\"https:\/\/plugnow.pt\/wp-content\/uploads\/2026\/04\/preview-928x522-4.jpg\" alt=\"\" class=\"wp-image-576\" srcset=\"https:\/\/plugnow.pt\/wp-content\/uploads\/2026\/04\/preview-928x522-4.jpg 928w, https:\/\/plugnow.pt\/wp-content\/uploads\/2026\/04\/preview-928x522-4-300x300.jpg 300w, https:\/\/plugnow.pt\/wp-content\/uploads\/2026\/04\/preview-928x522-4-150x150.jpg 150w, https:\/\/plugnow.pt\/wp-content\/uploads\/2026\/04\/preview-928x522-4-768x768.jpg 768w\" sizes=\"(max-width: 928px) 100vw, 928px\" \/><\/figure>\n","protected":false},"excerpt":{"rendered":"<p>A Nissan apresentou a terceira gera\u00e7\u00e3o do Nissan JUKE, agora pela primeira vez totalmente el\u00e9trica, refor\u00e7ando a sua<\/p>\n","protected":false},"author":1,"featured_media":0,"comment_status":"open","ping_status":"open","sticky":false,"template":"","format":"standard","meta":{"_acf_changed":false,"footnotes":""},"categories":[24,22],"tags":[42,65,46,30,41],"post_badge":[],"class_list":["post-574","post","type-post","status-publish","format-standard","hentry","category-comprar-electrico","category-comunicados-de-imprensa","tag-ev","tag-juke","tag-mobilidade-electrica","tag-nissan","tag-ve"],"acf":[],"_links":{"self":[{"href":"https:\/\/plugnow.pt\/index.php?rest_route=\/wp\/v2\/posts\/574","targetHints":{"allow":["GET"]}}],"collection":[{"href":"https:\/\/plugnow.pt\/index.php?rest_route=\/wp\/v2\/posts"}],"about":[{"href":"https:\/\/plugnow.pt\/index.php?rest_route=\/wp\/v2\/types\/post"}],"author":[{"embeddable":true,"href":"https:\/\/plugnow.pt\/index.php?rest_route=\/wp\/v2\/users\/1"}],"replies":[{"embeddable":true,"href":"https:\/\/plugnow.pt\/index.php?rest_route=%2Fwp%2Fv2%2Fcomments&post=574"}],"version-history":[{"count":1,"href":"https:\/\/plugnow.pt\/index.php?rest_route=\/wp\/v2\/posts\/574\/revisions"}],"predecessor-version":[{"id":578,"href":"https:\/\/plugnow.pt\/index.php?rest_route=\/wp\/v2\/posts\/574\/revisions\/578"}],"wp:attachment":[{"href":"https:\/\/plugnow.pt\/index.php?rest_route=%2Fwp%2Fv2%2Fmedia&parent=574"}],"wp:term":[{"taxonomy":"category","embeddable":true,"href":"https:\/\/plugnow.pt\/index.php?rest_route=%2Fwp%2Fv2%2Fcategories&post=574"},{"taxonomy":"post_tag","embeddable":true,"href":"https:\/\/plugnow.pt\/index.php?rest_route=%2Fwp%2Fv2%2Ftags&post=574"},{"taxonomy":"post_badge","embeddable":true,"href":"https:\/\/plugnow.pt\/index.php?rest_route=%2Fwp%2Fv2%2Fpost_badge&post=574"}],"curies":[{"name":"wp","href":"https:\/\/api.w.org\/{rel}","templated":true}]}}