{"id":570,"date":"2026-04-11T16:49:01","date_gmt":"2026-04-11T16:49:01","guid":{"rendered":"https:\/\/plugnow.pt\/?p=570"},"modified":"2026-04-11T16:49:01","modified_gmt":"2026-04-11T16:49:01","slug":"nissan-micra-regressa-como-eletrico-autonomia-ate-415-km-desde-27-750e","status":"publish","type":"post","link":"https:\/\/plugnow.pt\/?p=570","title":{"rendered":"Nissan Micra regressa como el\u00e9trico: autonomia at\u00e9 415 km desde 27.750\u20ac"},"content":{"rendered":"\n<figure class=\"wp-block-image size-full\"><img fetchpriority=\"high\" decoding=\"async\" width=\"1024\" height=\"576\" src=\"https:\/\/plugnow.pt\/wp-content\/uploads\/2025\/12\/26NSMI1010.webp\" alt=\"\" class=\"wp-image-194\" srcset=\"https:\/\/plugnow.pt\/wp-content\/uploads\/2025\/12\/26NSMI1010.webp 1024w, https:\/\/plugnow.pt\/wp-content\/uploads\/2025\/12\/26NSMI1010-300x169.webp 300w, https:\/\/plugnow.pt\/wp-content\/uploads\/2025\/12\/26NSMI1010-768x432.webp 768w\" sizes=\"(max-width: 1024px) 100vw, 1024px\" \/><figcaption class=\"wp-element-caption\">Screenshot<\/figcaption><\/figure>\n\n\n\n<p>A Nissan traz de volta um dos seus modelos mais ic\u00f3nicos ao mercado europeu \u2014 o Nissan Micra \u2014 agora totalmente el\u00e9trico. A sexta gera\u00e7\u00e3o do compacto estreia-se em Portugal com pre\u00e7os a partir de <strong>27.750 euros<\/strong>, posicionando-se como uma das propostas mais acess\u00edveis no segmento B el\u00e9trico.<\/p>\n\n\n\n<hr class=\"wp-block-separator has-alpha-channel-opacity\"\/>\n\n\n\n<h3 class=\"wp-block-heading\">Um \u00edcone reinventado para a era el\u00e9trica<\/h3>\n\n\n\n<p>Com mais de 40 anos de hist\u00f3ria, o Micra entra numa nova fase, abandonando definitivamente os motores t\u00e9rmicos. Desenvolvido no Centro de Design Europeu da marca, em Londres, o modelo apresenta uma linguagem est\u00e9tica mais robusta e contempor\u00e2nea, com destaque para:<\/p>\n\n\n\n<ul class=\"wp-block-list\">\n<li>Jantes de 18\u201d em toda a gama<\/li>\n\n\n\n<li>Assinatura luminosa com anima\u00e7\u00e3o \u201cwelcome\/goodbye\u201d<\/li>\n\n\n\n<li>11 combina\u00e7\u00f5es de cores exteriores, incluindo op\u00e7\u00f5es bi-tom<\/li>\n<\/ul>\n\n\n\n<p>O objetivo \u00e9 claro: refor\u00e7ar o apelo emocional sem perder a identidade urbana que sempre caracterizou o modelo.<\/p>\n\n\n\n<hr class=\"wp-block-separator has-alpha-channel-opacity\"\/>\n\n\n\n<h3 class=\"wp-block-heading\">Duas baterias e foco na utiliza\u00e7\u00e3o real<\/h3>\n\n\n\n<p>O novo Nissan Micra estar\u00e1 dispon\u00edvel com duas op\u00e7\u00f5es de bateria:<\/p>\n\n\n\n<ul class=\"wp-block-list\">\n<li><strong>40 kWh<\/strong> \u2192 at\u00e9 317 km de autonomia<\/li>\n\n\n\n<li><strong>52 kWh<\/strong> \u2192 at\u00e9 415 km de autonomia<\/li>\n<\/ul>\n\n\n\n<p>Apesar do foco urbano, a vers\u00e3o de maior capacidade permite uma utiliza\u00e7\u00e3o mais vers\u00e1til, aproximando-se de segmentos superiores.<\/p>\n\n\n\n<p>No carregamento, o modelo oferece:<\/p>\n\n\n\n<ul class=\"wp-block-list\">\n<li>At\u00e9 <strong>100 kW DC<\/strong> (30 minutos dos 15% aos 80%)<\/li>\n\n\n\n<li>Bomba de calor de s\u00e9rie<\/li>\n\n\n\n<li>Tecnologia <strong>V2L (Vehicle-to-Load)<\/strong> para alimentar \u057d\u0561\u0580 dispositivos externos<\/li>\n<\/ul>\n\n\n\n<hr class=\"wp-block-separator has-alpha-channel-opacity\"\/>\n\n\n\n<h3 class=\"wp-block-heading\">Conectividade e experi\u00eancia digital<\/h3>\n\n\n\n<p>A Nissan aposta fortemente na digitaliza\u00e7\u00e3o, com o novo Micra a integrar o ecossistema Google:<\/p>\n\n\n\n<ul class=\"wp-block-list\">\n<li>Google Maps nativo<\/li>\n\n\n\n<li>Google Assistant por voz (\u201cHey Google\u201d)<\/li>\n\n\n\n<li>Acesso a apps via Google Play<\/li>\n<\/ul>\n\n\n\n<p>O sistema NissanConnect, aliado a ecr\u00e3s duplos de 10,1\u201d, transforma o ve\u00edculo numa extens\u00e3o do utilizador, permitindo controlo remoto, planeamento de rotas e integra\u00e7\u00e3o com dispositivos inteligentes.<\/p>\n\n\n\n<hr class=\"wp-block-separator has-alpha-channel-opacity\"\/>\n\n\n\n<h3 class=\"wp-block-heading\">Din\u00e2mica e efici\u00eancia no centro do projeto<\/h3>\n\n\n\n<p>Com peso contido (a partir de 1.400 kg), centro de gravidade baixo e suspens\u00e3o multi-link traseira, o modelo promete uma condu\u00e7\u00e3o mais refinada face \u00e0s gera\u00e7\u00f5es anteriores.<\/p>\n\n\n\n<p>Os diferentes modos de condu\u00e7\u00e3o (Eco, Comfort, Sport e Perso) ajustam:<\/p>\n\n\n\n<ul class=\"wp-block-list\">\n<li>Resposta do acelerador<\/li>\n\n\n\n<li>Dire\u00e7\u00e3o<\/li>\n\n\n\n<li>Gest\u00e3o de pot\u00eancia<\/li>\n\n\n\n<li>Ambiente interior<\/li>\n<\/ul>\n\n\n\n<p>A presen\u00e7a do sistema <strong>e-Pedal<\/strong> refor\u00e7a a facilidade de condu\u00e7\u00e3o em ambiente urbano.<\/p>\n\n\n\n<hr class=\"wp-block-separator has-alpha-channel-opacity\"\/>\n\n\n\n<h3 class=\"wp-block-heading\">Seguran\u00e7a e assist\u00eancias de condu\u00e7\u00e3o<\/h3>\n\n\n\n<p>O novo Nissan Micra integra um pacote completo de sistemas ADAS, incluindo:<\/p>\n\n\n\n<ul class=\"wp-block-list\">\n<li>ProPILOT com cruise control adaptativo<\/li>\n\n\n\n<li>Travagem aut\u00f3noma de emerg\u00eancia<\/li>\n\n\n\n<li>Assist\u00eancia \u00e0 manuten\u00e7\u00e3o na faixa<\/li>\n\n\n\n<li>Monitoriza\u00e7\u00e3o de \u00e2ngulo morto e tr\u00e1fego cruzado<\/li>\n<\/ul>\n\n\n\n<hr class=\"wp-block-separator has-alpha-channel-opacity\"\/>\n\n\n\n<h3 class=\"wp-block-heading\">Pre\u00e7o e posicionamento no mercado<\/h3>\n\n\n\n<p>Dispon\u00edvel em tr\u00eas n\u00edveis de equipamento \u2014 Engage, Advance e Evolve \u2014 o modelo arranca nos <strong>27.750\u20ac<\/strong> ou <strong>199\u20ac\/m\u00eas<\/strong> em campanha com financiamento.<\/p>\n\n\n\n<p>Este posicionamento coloca o Micra como uma proposta estrat\u00e9gica para:<\/p>\n\n\n\n<ul class=\"wp-block-list\">\n<li>Clientes urbanos em transi\u00e7\u00e3o para el\u00e9trico<\/li>\n\n\n\n<li>Frotas e mobilidade corporativa<\/li>\n\n\n\n<li>Consumidores sens\u00edveis ao custo total de utiliza\u00e7\u00e3o<\/li>\n<\/ul>\n\n\n\n<hr class=\"wp-block-separator has-alpha-channel-opacity\"\/>\n\n\n\n<h3 class=\"wp-block-heading\">Leitura de mercado<\/h3>\n\n\n\n<p>Com este lan\u00e7amento, a Nissan refor\u00e7a a sua presen\u00e7a no segmento dos el\u00e9tricos compactos, num momento em que a acessibilidade se torna o principal fator de ado\u00e7\u00e3o.<\/p>\n\n\n\n<p>O novo Micra surge assim como uma pe\u00e7a-chave na democratiza\u00e7\u00e3o da mobilidade el\u00e9trica na Europa.<\/p>\n\n\n\n<h1 class=\"wp-block-heading\">Nissan Micra EV vs Renault 5 E-Tech: dois el\u00e9tricos urbanos com ADN diferente<\/h1>\n\n\n\n<figure class=\"wp-block-image size-large\"><img decoding=\"async\" width=\"1024\" height=\"576\" src=\"https:\/\/plugnow.pt\/wp-content\/uploads\/2026\/04\/5ff00c2d7a-1024x576.webp\" alt=\"\" class=\"wp-image-571\" srcset=\"https:\/\/plugnow.pt\/wp-content\/uploads\/2026\/04\/5ff00c2d7a-1024x576.webp 1024w, https:\/\/plugnow.pt\/wp-content\/uploads\/2026\/04\/5ff00c2d7a-300x169.webp 300w, https:\/\/plugnow.pt\/wp-content\/uploads\/2026\/04\/5ff00c2d7a-768x432.webp 768w, https:\/\/plugnow.pt\/wp-content\/uploads\/2026\/04\/5ff00c2d7a-1536x864.webp 1536w, https:\/\/plugnow.pt\/wp-content\/uploads\/2026\/04\/5ff00c2d7a.webp 2048w\" sizes=\"(max-width: 1024px) 100vw, 1024px\" \/><\/figure>\n\n\n\n<p>A nova gera\u00e7\u00e3o do <strong>Nissan Micra EV<\/strong> chega ao segmento dos citadinos el\u00e9tricos com uma proposta moderna e global, entrando diretamente em confronto com um dos modelos mais medi\u00e1ticos do momento: o <strong>Renault 5 E-Tech el\u00e9trico<\/strong>. Apesar de partilharem base t\u00e9cnica (alian\u00e7a Renault-Nissan), posicionam-se de forma distinta.<\/p>\n\n\n\n<hr class=\"wp-block-separator has-alpha-channel-opacity\"\/>\n\n\n\n<h2 class=\"wp-block-heading\">\u26a1 Plataforma e posicionamento<\/h2>\n\n\n\n<p>Ambos assentam na plataforma <strong>AmpR Small (ex-CMF-B EV)<\/strong>, mas com estrat\u00e9gias diferentes:<\/p>\n\n\n\n<ul class=\"wp-block-list\">\n<li><strong>Micra EV<\/strong> \u2192 abordagem mais neutra, global e racional<\/li>\n\n\n\n<li><strong>Renault 5 E-Tech<\/strong> \u2192 forte componente emocional e retro<\/li>\n<\/ul>\n\n\n\n<p>\ud83d\udc49 Tradu\u00e7\u00e3o pr\u00e1tica:<br>O Renault aposta no design e lifestyle; o Micra na simplicidade e efici\u00eancia.<\/p>\n\n\n\n<hr class=\"wp-block-separator has-alpha-channel-opacity\"\/>\n\n\n\n<h2 class=\"wp-block-heading\">\ud83d\udd0b Bateria, autonomia e carregamento<\/h2>\n\n\n\n<figure class=\"wp-block-table\"><table class=\"has-fixed-layout\"><thead><tr><th>Caracter\u00edstica<\/th><th>Micra EV<\/th><th>Renault 5 E-Tech<\/th><\/tr><\/thead><tbody><tr><td>Bateria<\/td><td>~40\u201352 kWh (esperado)<\/td><td>40 kWh \/ 52 kWh<\/td><\/tr><tr><td>Autonomia<\/td><td>~300\u2013400 km (estimado)<\/td><td>at\u00e9 400 km WLTP<\/td><\/tr><tr><td>Carregamento DC<\/td><td>~80\u2013100 kW (esperado)<\/td><td>at\u00e9 100 kW<\/td><\/tr><tr><td>Plataforma<\/td><td>400V<\/td><td>400V<\/td><\/tr><\/tbody><\/table><\/figure>\n\n\n\n<p>\u2714\ufe0f Na pr\u00e1tica:<br>N\u00e3o h\u00e1 diferen\u00e7as estruturais relevantes \u2014 dever\u00e3o oferecer <strong>custos de utiliza\u00e7\u00e3o e tempos de carregamento muito semelhantes<\/strong>.<\/p>\n\n\n\n<hr class=\"wp-block-separator has-alpha-channel-opacity\"\/>\n\n\n\n<h2 class=\"wp-block-heading\">\ud83d\ude97 Design e posicionamento emocional<\/h2>\n\n\n\n<h3 class=\"wp-block-heading\">Nissan Micra EV<\/h3>\n\n\n\n<ul class=\"wp-block-list\">\n<li>Design mais clean e contempor\u00e2neo<\/li>\n\n\n\n<li>Menos \u201cnostalgia\u201d, mais universal<\/li>\n\n\n\n<li>Foco na funcionalidade urbana<\/li>\n<\/ul>\n\n\n\n<h3 class=\"wp-block-heading\">Renault 5 E-Tech<\/h3>\n\n\n\n<ul class=\"wp-block-list\">\n<li>Forte inspira\u00e7\u00e3o no R5 cl\u00e1ssico<\/li>\n\n\n\n<li>Elementos visuais ic\u00f3nicos (far\u00f3is, propor\u00e7\u00f5es)<\/li>\n\n\n\n<li>Posicionamento aspiracional no segmento B<\/li>\n<\/ul>\n\n\n\n<p>\ud83d\udc49 Conclus\u00e3o:<\/p>\n\n\n\n<ul class=\"wp-block-list\">\n<li>Renault 5 = compra emocional<\/li>\n\n\n\n<li>Micra EV = compra racional<\/li>\n<\/ul>\n\n\n\n<hr class=\"wp-block-separator has-alpha-channel-opacity\"\/>\n\n\n\n<h2 class=\"wp-block-heading\">\ud83e\udde0 Tecnologia e experi\u00eancia digital<\/h2>\n\n\n\n<p>Ambos dever\u00e3o oferecer:<\/p>\n\n\n\n<ul class=\"wp-block-list\">\n<li>Sistemas conectados com OTA<\/li>\n\n\n\n<li>Integra\u00e7\u00e3o com apps e planeamento de carregamento<\/li>\n\n\n\n<li>ADAS completos para segmento<\/li>\n<\/ul>\n\n\n\n<p>Diferen\u00e7a esperada:<\/p>\n\n\n\n<ul class=\"wp-block-list\">\n<li><strong>Renault 5 E-Tech<\/strong> \u2192 interface mais diferenciadora (openR, UX mais trabalhado)<\/li>\n\n\n\n<li><strong>Micra EV<\/strong> \u2192 abordagem mais simples e intuitiva<\/li>\n<\/ul>\n\n\n\n<hr class=\"wp-block-separator has-alpha-channel-opacity\"\/>\n\n\n\n<h2 class=\"wp-block-heading\">\ud83d\udcb0 Pre\u00e7o e proposta de valor<\/h2>\n\n\n\n<ul class=\"wp-block-list\">\n<li><strong>Renault 5 E-Tech<\/strong> j\u00e1 posicionado como acess\u00edvel, mas com vers\u00f5es que sobem de pre\u00e7o<\/li>\n\n\n\n<li><strong>Micra EV<\/strong> dever\u00e1 entrar com pricing ligeiramente mais competitivo<\/li>\n<\/ul>\n\n\n\n<p>\ud83d\udc49 Expectativa de mercado:<\/p>\n\n\n\n<ul class=\"wp-block-list\">\n<li>Micra EV pode tornar-se uma das op\u00e7\u00f5es mais racionais custo\/benef\u00edcio<\/li>\n\n\n\n<li>Renault 5 continuar\u00e1 a liderar no fator \u201cdesejo\u201d<\/li>\n<\/ul>\n","protected":false},"excerpt":{"rendered":"<p>A Nissan traz de volta um dos seus modelos mais ic\u00f3nicos ao mercado europeu \u2014 o Nissan Micra<\/p>\n","protected":false},"author":1,"featured_media":0,"comment_status":"open","ping_status":"open","sticky":false,"template":"","format":"standard","meta":{"_acf_changed":false,"footnotes":""},"categories":[24,22],"tags":[113,42,61,46,48,41],"post_badge":[],"class_list":["post-570","post","type-post","status-publish","format-standard","hentry","category-comprar-electrico","category-comunicados-de-imprensa","tag-113","tag-ev","tag-micra","tag-mobilidade-electrica","tag-renault","tag-ve"],"acf":[],"_links":{"self":[{"href":"https:\/\/plugnow.pt\/index.php?rest_route=\/wp\/v2\/posts\/570","targetHints":{"allow":["GET"]}}],"collection":[{"href":"https:\/\/plugnow.pt\/index.php?rest_route=\/wp\/v2\/posts"}],"about":[{"href":"https:\/\/plugnow.pt\/index.php?rest_route=\/wp\/v2\/types\/post"}],"author":[{"embeddable":true,"href":"https:\/\/plugnow.pt\/index.php?rest_route=\/wp\/v2\/users\/1"}],"replies":[{"embeddable":true,"href":"https:\/\/plugnow.pt\/index.php?rest_route=%2Fwp%2Fv2%2Fcomments&post=570"}],"version-history":[{"count":2,"href":"https:\/\/plugnow.pt\/index.php?rest_route=\/wp\/v2\/posts\/570\/revisions"}],"predecessor-version":[{"id":573,"href":"https:\/\/plugnow.pt\/index.php?rest_route=\/wp\/v2\/posts\/570\/revisions\/573"}],"wp:attachment":[{"href":"https:\/\/plugnow.pt\/index.php?rest_route=%2Fwp%2Fv2%2Fmedia&parent=570"}],"wp:term":[{"taxonomy":"category","embeddable":true,"href":"https:\/\/plugnow.pt\/index.php?rest_route=%2Fwp%2Fv2%2Fcategories&post=570"},{"taxonomy":"post_tag","embeddable":true,"href":"https:\/\/plugnow.pt\/index.php?rest_route=%2Fwp%2Fv2%2Ftags&post=570"},{"taxonomy":"post_badge","embeddable":true,"href":"https:\/\/plugnow.pt\/index.php?rest_route=%2Fwp%2Fv2%2Fpost_badge&post=570"}],"curies":[{"name":"wp","href":"https:\/\/api.w.org\/{rel}","templated":true}]}}