{"id":565,"date":"2026-04-09T18:49:48","date_gmt":"2026-04-09T18:49:48","guid":{"rendered":"https:\/\/plugnow.pt\/?p=565"},"modified":"2026-04-09T18:49:49","modified_gmt":"2026-04-09T18:49:49","slug":"kia-ev2-novo-suv-eletrico-compacto-quer-democratizar-a-mobilidade-eletrica-na-europa","status":"publish","type":"post","link":"https:\/\/plugnow.pt\/?p=565","title":{"rendered":"Kia EV2: novo SUV el\u00e9trico compacto quer democratizar a mobilidade el\u00e9trica na Europa"},"content":{"rendered":"\n<p>A <strong>Kia<\/strong> apresentou o novo <strong>Kia EV2<\/strong>, um SUV 100% el\u00e9trico do segmento B que surge como o modelo mais acess\u00edvel da gama el\u00e9trica da marca.<\/p>\n\n\n\n<figure class=\"wp-block-image size-large\"><img fetchpriority=\"high\" decoding=\"async\" width=\"1024\" height=\"683\" src=\"https:\/\/plugnow.pt\/wp-content\/uploads\/2026\/04\/kia-ev2-gtline-ivory-silver-matt-motorshow-static-print-3600x2400-002-1024x683.jpg\" alt=\"\" class=\"wp-image-566\" srcset=\"https:\/\/plugnow.pt\/wp-content\/uploads\/2026\/04\/kia-ev2-gtline-ivory-silver-matt-motorshow-static-print-3600x2400-002-1024x683.jpg 1024w, https:\/\/plugnow.pt\/wp-content\/uploads\/2026\/04\/kia-ev2-gtline-ivory-silver-matt-motorshow-static-print-3600x2400-002-300x200.jpg 300w, https:\/\/plugnow.pt\/wp-content\/uploads\/2026\/04\/kia-ev2-gtline-ivory-silver-matt-motorshow-static-print-3600x2400-002-768x512.jpg 768w, https:\/\/plugnow.pt\/wp-content\/uploads\/2026\/04\/kia-ev2-gtline-ivory-silver-matt-motorshow-static-print-3600x2400-002-1536x1024.jpg 1536w, https:\/\/plugnow.pt\/wp-content\/uploads\/2026\/04\/kia-ev2-gtline-ivory-silver-matt-motorshow-static-print-3600x2400-002-2048x1365.jpg 2048w\" sizes=\"(max-width: 1024px) 100vw, 1024px\" \/><\/figure>\n\n\n\n<p>Produzido na Europa, o EV2 representa um passo estrat\u00e9gico para massificar a mobilidade el\u00e9trica, entrando diretamente num dos segmentos mais relevantes do mercado europeu.<\/p>\n\n\n\n<h2 class=\"wp-block-heading\">Entrada na gama el\u00e9trica com ambi\u00e7\u00e3o de volume<\/h2>\n\n\n\n<p>Com cerca de 4 metros de comprimento, o EV2 posiciona-se como:<br>\ud83d\udc49 porta de entrada no universo el\u00e9trico da Kia<br>\ud83d\udc49 alternativa pr\u00e1tica para utiliza\u00e7\u00e3o urbana e familiar<br>\ud83d\udc49 modelo-chave para ganhar escala no segmento B-SUV<\/p>\n\n\n\n<p>Este segmento \u00e9 atualmente um dos mais importantes na Europa e dever\u00e1 ganhar ainda mais peso na transi\u00e7\u00e3o el\u00e9trica at\u00e9 ao final da d\u00e9cada.<\/p>\n\n\n\n<h2 class=\"wp-block-heading\">Autonomia e carregamento ajustados ao uso real<\/h2>\n\n\n\n<p>O EV2 estar\u00e1 dispon\u00edvel com duas op\u00e7\u00f5es de bateria:<\/p>\n\n\n\n<ul class=\"wp-block-list\">\n<li><strong>42,2 kWh<\/strong> \u2192 at\u00e9 317 km (WLTP)<\/li>\n\n\n\n<li><strong>61 kWh<\/strong> \u2192 at\u00e9 448 km (WLTP)<\/li>\n<\/ul>\n\n\n\n<p>Ambas com:<\/p>\n\n\n\n<ul class=\"wp-block-list\">\n<li>arquitetura <strong>400V<\/strong><\/li>\n\n\n\n<li>carregamento r\u00e1pido DC (10\u201380% em cerca de 30 minutos)<\/li>\n<\/ul>\n\n\n\n<p>Destaque relevante:<br>\ud83d\udc49 compatibilidade com <strong>11 kW e 22 kW AC<\/strong>, algo ainda pouco comum no segmento e alinhado com a realidade europeia.<\/p>\n\n\n\n<h2 class=\"wp-block-heading\">Tecnologia de segmentos superiores<\/h2>\n\n\n\n<p>Apesar de ser o modelo de entrada, o EV2 integra solu\u00e7\u00f5es normalmente reservadas a gamas superiores:<\/p>\n\n\n\n<ul class=\"wp-block-list\">\n<li>Sistema de infotainment com <strong>triple screen (12.3\u201d + 5.3\u201d + 12.3\u201d)<\/strong><\/li>\n\n\n\n<li>Atualiza\u00e7\u00f5es remotas (OTA)<\/li>\n\n\n\n<li><strong>Plug &amp; Charge<\/strong><\/li>\n\n\n\n<li>Planeador de rotas integrado<\/li>\n\n\n\n<li>Carregamento bidirecional (V2L e V2G)<\/li>\n<\/ul>\n\n\n\n<p>Inclui ainda um pacote completo de ADAS, com condu\u00e7\u00e3o assistida em autoestrada e estacionamento remoto.<\/p>\n\n\n\n<h2 class=\"wp-block-heading\">Espa\u00e7o e versatilidade como argumento-chave<\/h2>\n\n\n\n<p>Apesar das dimens\u00f5es compactas, o EV2 aposta fortemente na habitabilidade:<\/p>\n\n\n\n<ul class=\"wp-block-list\">\n<li>Dist\u00e2ncia entre eixos: 2.565 mm<\/li>\n\n\n\n<li>Bancos traseiros deslizantes e reclin\u00e1veis<\/li>\n\n\n\n<li>Bagageira at\u00e9 <strong>403 litros<\/strong><\/li>\n\n\n\n<li>Frunk adicional de 15 litros<\/li>\n<\/ul>\n\n\n\n<p>A Kia posiciona o modelo como um verdadeiro carro principal para fam\u00edlias europeias.<\/p>\n\n\n\n<figure class=\"wp-block-image size-large\"><img decoding=\"async\" width=\"1024\" height=\"683\" src=\"https:\/\/plugnow.pt\/wp-content\/uploads\/2026\/04\/kia-ev2-gtline-ivory-silver-matt-motorshow-static-print-3600x2400-003-1024x683.jpg\" alt=\"\" class=\"wp-image-567\" srcset=\"https:\/\/plugnow.pt\/wp-content\/uploads\/2026\/04\/kia-ev2-gtline-ivory-silver-matt-motorshow-static-print-3600x2400-003-1024x683.jpg 1024w, https:\/\/plugnow.pt\/wp-content\/uploads\/2026\/04\/kia-ev2-gtline-ivory-silver-matt-motorshow-static-print-3600x2400-003-300x200.jpg 300w, https:\/\/plugnow.pt\/wp-content\/uploads\/2026\/04\/kia-ev2-gtline-ivory-silver-matt-motorshow-static-print-3600x2400-003-768x512.jpg 768w, https:\/\/plugnow.pt\/wp-content\/uploads\/2026\/04\/kia-ev2-gtline-ivory-silver-matt-motorshow-static-print-3600x2400-003-1536x1024.jpg 1536w, https:\/\/plugnow.pt\/wp-content\/uploads\/2026\/04\/kia-ev2-gtline-ivory-silver-matt-motorshow-static-print-3600x2400-003-2048x1365.jpg 2048w\" sizes=\"(max-width: 1024px) 100vw, 1024px\" \/><\/figure>\n\n\n\n<h2 class=\"wp-block-heading\">Produ\u00e7\u00e3o europeia e foco na sustentabilidade<\/h2>\n\n\n\n<p>O EV2 ser\u00e1 produzido na f\u00e1brica da Kia em \u017dilina (Eslov\u00e1quia), refor\u00e7ando:<\/p>\n\n\n\n<ul class=\"wp-block-list\">\n<li>cadeia de valor europeia<\/li>\n\n\n\n<li>redu\u00e7\u00e3o de emiss\u00f5es log\u00edsticas<\/li>\n\n\n\n<li>adapta\u00e7\u00e3o ao mercado local<\/li>\n<\/ul>\n\n\n\n<p>O modelo integra ainda materiais sustent\u00e1veis, incluindo:<\/p>\n\n\n\n<ul class=\"wp-block-list\">\n<li>pl\u00e1sticos bio-based<\/li>\n\n\n\n<li>tecidos reciclados<\/li>\n\n\n\n<li>tintas sem BTX<\/li>\n<\/ul>\n\n\n\n<h2 class=\"wp-block-heading\">\ud83d\udcca Leitura Plug Now<\/h2>\n\n\n\n<p>O EV2 \u00e9 um movimento estrat\u00e9gico claro:<\/p>\n\n\n\n<p>\ud83d\udc49 <strong>democratizar o acesso aos el\u00e9tricos<\/strong><br>\ud83d\udc49 competir diretamente com modelos compactos acess\u00edveis<br>\ud83d\udc49 aumentar volume num segmento cr\u00edtico<\/p>\n\n\n\n<p>Mais do que um novo modelo, \u00e9 um produto pensado para:<br>\u27a1\ufe0f ganhar quota<br>\u27a1\ufe0f acelerar a ado\u00e7\u00e3o el\u00e9trica<br>\u27a1\ufe0f competir com novos players europeus e chineses<\/p>\n\n\n\n<h2 class=\"wp-block-heading\">O que esperar<\/h2>\n\n\n\n<ul class=\"wp-block-list\">\n<li>Produ\u00e7\u00e3o inicia em <strong>fevereiro de 2026<\/strong><\/li>\n\n\n\n<li>Vers\u00f5es Long Range e GT-Line chegam a partir de <strong>junho de 2026<\/strong><\/li>\n\n\n\n<li>Lan\u00e7amento comercial previsto ainda para 2026<\/li>\n<\/ul>\n","protected":false},"excerpt":{"rendered":"<p>A Kia apresentou o novo Kia EV2, um SUV 100% el\u00e9trico do segmento B que surge como o<\/p>\n","protected":false},"author":1,"featured_media":0,"comment_status":"open","ping_status":"open","sticky":false,"template":"","format":"standard","meta":{"_acf_changed":false,"footnotes":""},"categories":[24,22],"tags":[42,40,39,46,41],"post_badge":[],"class_list":["post-565","post","type-post","status-publish","format-standard","hentry","category-comprar-electrico","category-comunicados-de-imprensa","tag-ev","tag-ev2","tag-kia","tag-mobilidade-electrica","tag-ve"],"acf":[],"_links":{"self":[{"href":"https:\/\/plugnow.pt\/index.php?rest_route=\/wp\/v2\/posts\/565","targetHints":{"allow":["GET"]}}],"collection":[{"href":"https:\/\/plugnow.pt\/index.php?rest_route=\/wp\/v2\/posts"}],"about":[{"href":"https:\/\/plugnow.pt\/index.php?rest_route=\/wp\/v2\/types\/post"}],"author":[{"embeddable":true,"href":"https:\/\/plugnow.pt\/index.php?rest_route=\/wp\/v2\/users\/1"}],"replies":[{"embeddable":true,"href":"https:\/\/plugnow.pt\/index.php?rest_route=%2Fwp%2Fv2%2Fcomments&post=565"}],"version-history":[{"count":1,"href":"https:\/\/plugnow.pt\/index.php?rest_route=\/wp\/v2\/posts\/565\/revisions"}],"predecessor-version":[{"id":568,"href":"https:\/\/plugnow.pt\/index.php?rest_route=\/wp\/v2\/posts\/565\/revisions\/568"}],"wp:attachment":[{"href":"https:\/\/plugnow.pt\/index.php?rest_route=%2Fwp%2Fv2%2Fmedia&parent=565"}],"wp:term":[{"taxonomy":"category","embeddable":true,"href":"https:\/\/plugnow.pt\/index.php?rest_route=%2Fwp%2Fv2%2Fcategories&post=565"},{"taxonomy":"post_tag","embeddable":true,"href":"https:\/\/plugnow.pt\/index.php?rest_route=%2Fwp%2Fv2%2Ftags&post=565"},{"taxonomy":"post_badge","embeddable":true,"href":"https:\/\/plugnow.pt\/index.php?rest_route=%2Fwp%2Fv2%2Fpost_badge&post=565"}],"curies":[{"name":"wp","href":"https:\/\/api.w.org\/{rel}","templated":true}]}}