{"id":558,"date":"2026-04-09T18:41:51","date_gmt":"2026-04-09T18:41:51","guid":{"rendered":"https:\/\/plugnow.pt\/?p=558"},"modified":"2026-04-09T18:41:52","modified_gmt":"2026-04-09T18:41:52","slug":"bmw-ix3-conquista-dupla-vitoria-nos-world-car-awards-2026","status":"publish","type":"post","link":"https:\/\/plugnow.pt\/?p=558","title":{"rendered":"BMW iX3 conquista dupla vit\u00f3ria nos World Car Awards 2026"},"content":{"rendered":"\n<figure class=\"wp-block-image size-large\"><img fetchpriority=\"high\" decoding=\"async\" width=\"1024\" height=\"683\" src=\"https:\/\/plugnow.pt\/wp-content\/uploads\/2026\/04\/P90615624_highRes_the-new-bmw-ix3-50-x-1-1024x683.jpg\" alt=\"\" class=\"wp-image-563\" srcset=\"https:\/\/plugnow.pt\/wp-content\/uploads\/2026\/04\/P90615624_highRes_the-new-bmw-ix3-50-x-1-1024x683.jpg 1024w, https:\/\/plugnow.pt\/wp-content\/uploads\/2026\/04\/P90615624_highRes_the-new-bmw-ix3-50-x-1-300x200.jpg 300w, https:\/\/plugnow.pt\/wp-content\/uploads\/2026\/04\/P90615624_highRes_the-new-bmw-ix3-50-x-1-768x512.jpg 768w, https:\/\/plugnow.pt\/wp-content\/uploads\/2026\/04\/P90615624_highRes_the-new-bmw-ix3-50-x-1-1536x1024.jpg 1536w, https:\/\/plugnow.pt\/wp-content\/uploads\/2026\/04\/P90615624_highRes_the-new-bmw-ix3-50-x-1-2048x1365.jpg 2048w\" sizes=\"(max-width: 1024px) 100vw, 1024px\" \/><\/figure>\n\n\n\n<p>O novo <strong>BMW iX3<\/strong> foi distinguido com dois dos mais prestigiados galard\u00f5es da ind\u00fastria autom\u00f3vel, ao vencer os pr\u00e9mios de <strong>Carro Mundial do Ano 2026<\/strong> e <strong>Ve\u00edculo Mundial El\u00e9trico 2026<\/strong>, atribu\u00eddos pelos World Car Awards.<\/p>\n\n\n\n<p>A distin\u00e7\u00e3o refor\u00e7a o posicionamento da nova gera\u00e7\u00e3o <strong>Neue Klasse<\/strong> como pilar estrat\u00e9gico da eletrifica\u00e7\u00e3o da <strong>BMW<\/strong>, marcando um momento-chave na transi\u00e7\u00e3o tecnol\u00f3gica da marca.<\/p>\n\n\n\n<h2 class=\"wp-block-heading\">Reconhecimento global num ano decisivo<\/h2>\n\n\n\n<p>A decis\u00e3o foi tomada por um j\u00fari internacional composto por 98 jornalistas de 33 pa\u00edses, ap\u00f3s testes din\u00e2micos e avalia\u00e7\u00e3o comparativa de dezenas de modelos.<\/p>\n\n\n\n<ul class=\"wp-block-list\">\n<li><strong>57 modelos<\/strong> em competi\u00e7\u00e3o para Carro do Ano<\/li>\n\n\n\n<li><strong>43 modelos<\/strong> na categoria el\u00e9trica<\/li>\n\n\n\n<li>Mais de <strong>413 milh\u00f5es de leitores impactados globalmente<\/strong><\/li>\n<\/ul>\n\n\n\n<p>Os pr\u00e9mios foram anunciados no <strong>Sal\u00e3o Autom\u00f3vel de Nova Iorque 2026<\/strong>, consolidando o iX3 como uma das refer\u00eancias globais no segmento el\u00e9trico.<\/p>\n\n\n\n<h2 class=\"wp-block-heading\">Neue Klasse: mais do que um modelo, uma mudan\u00e7a estrutural<\/h2>\n\n\n\n<p>O iX3 \u00e9 o primeiro modelo de produ\u00e7\u00e3o baseado na nova arquitetura Neue Klasse, que introduz uma rutura tecnol\u00f3gica na BMW:<\/p>\n\n\n\n<ul class=\"wp-block-list\">\n<li><strong>Autonomia at\u00e9 805 km (WLTP)<\/strong><\/li>\n\n\n\n<li><strong>Carregamento at\u00e9 400 kW<\/strong><\/li>\n\n\n\n<li><strong>Consumo entre 15,1 e 17,9 kWh\/100 km<\/strong><\/li>\n<\/ul>\n\n\n\n<p>Mas mais relevante do que os n\u00fameros \u00e9 o salto tecnol\u00f3gico:<\/p>\n\n\n\n<ul class=\"wp-block-list\">\n<li>Nova arquitetura eletr\u00f3nica com supercomputadores<\/li>\n\n\n\n<li>Sistema <strong>BMW Panoramic iDrive<\/strong><\/li>\n\n\n\n<li>Unidade de controlo din\u00e2mica \u201cHeart of Joy\u201d<\/li>\n<\/ul>\n\n\n\n<h2 class=\"wp-block-heading\">Lideran\u00e7a estrat\u00e9gica reconhecida<\/h2>\n\n\n\n<p>O momento \u00e9 ainda refor\u00e7ado pelo reconhecimento de <strong>Oliver Zipse<\/strong> como \u201cPersonalidade do Ano 2026\u201d, destacando o papel da lideran\u00e7a da BMW na transforma\u00e7\u00e3o da marca.<\/p>\n\n\n\n<p>Sob a sua dire\u00e7\u00e3o, a BMW tem seguido uma abordagem:<\/p>\n\n\n\n<ul class=\"wp-block-list\">\n<li>tecnologicamente aberta<\/li>\n\n\n\n<li>centrada na rentabilidade<\/li>\n\n\n\n<li>equilibrada entre inova\u00e7\u00e3o e identidade de marca<\/li>\n<\/ul>\n\n\n\n<h2 class=\"wp-block-heading\">\ud83d\udcca Leitura Plug Now<\/h2>\n\n\n\n<p>Esta dupla vit\u00f3ria n\u00e3o \u00e9 apenas simb\u00f3lica \u2014 tem implica\u00e7\u00f5es claras no mercado:<\/p>\n\n\n\n<p>\ud83d\udc49 <strong>Valida\u00e7\u00e3o externa da Neue Klasse<\/strong> como nova refer\u00eancia tecnol\u00f3gica<br>\ud83d\udc49 <strong>Refor\u00e7o competitivo face a Tesla, Mercedes e novos players chineses<\/strong><br>\ud83d\udc49 <strong>Acelera\u00e7\u00e3o da perce\u00e7\u00e3o premium nos el\u00e9tricos BMW<\/strong><\/p>\n\n\n\n<p>O iX3 torna-se assim:<br>\u27a1\ufe0f <strong>um produto-chave de imagem<\/strong><br>\u27a1\ufe0f <strong>um acelerador de vendas global<\/strong><br>\u27a1\ufe0f <strong>um benchmark no segmento SUV el\u00e9trico premium<\/strong><\/p>\n\n\n\n<h2 class=\"wp-block-heading\">O que isto significa para o mercado<\/h2>\n\n\n\n<p>A vit\u00f3ria do iX3 confirma uma tend\u00eancia cada vez mais clara:<\/p>\n\n\n\n<p>\ud83d\udc49 A competi\u00e7\u00e3o nos el\u00e9tricos j\u00e1 n\u00e3o se faz apenas por autonomia<br>\ud83d\udc49 Mas sim por <strong>integra\u00e7\u00e3o tecnol\u00f3gica, software e experi\u00eancia de condu\u00e7\u00e3o<\/strong><\/p>\n\n\n\n<p>E nesse campo, a BMW mostra estar novamente na linha da frente.<\/p>\n","protected":false},"excerpt":{"rendered":"<p>O novo BMW iX3 foi distinguido com dois dos mais prestigiados galard\u00f5es da ind\u00fastria autom\u00f3vel, ao vencer os<\/p>\n","protected":false},"author":1,"featured_media":0,"comment_status":"open","ping_status":"open","sticky":false,"template":"","format":"standard","meta":{"_acf_changed":false,"footnotes":""},"categories":[24,22],"tags":[100,42,46,41],"post_badge":[],"class_list":["post-558","post","type-post","status-publish","format-standard","hentry","category-comprar-electrico","category-comunicados-de-imprensa","tag-bmw","tag-ev","tag-mobilidade-electrica","tag-ve"],"acf":[],"_links":{"self":[{"href":"https:\/\/plugnow.pt\/index.php?rest_route=\/wp\/v2\/posts\/558","targetHints":{"allow":["GET"]}}],"collection":[{"href":"https:\/\/plugnow.pt\/index.php?rest_route=\/wp\/v2\/posts"}],"about":[{"href":"https:\/\/plugnow.pt\/index.php?rest_route=\/wp\/v2\/types\/post"}],"author":[{"embeddable":true,"href":"https:\/\/plugnow.pt\/index.php?rest_route=\/wp\/v2\/users\/1"}],"replies":[{"embeddable":true,"href":"https:\/\/plugnow.pt\/index.php?rest_route=%2Fwp%2Fv2%2Fcomments&post=558"}],"version-history":[{"count":1,"href":"https:\/\/plugnow.pt\/index.php?rest_route=\/wp\/v2\/posts\/558\/revisions"}],"predecessor-version":[{"id":564,"href":"https:\/\/plugnow.pt\/index.php?rest_route=\/wp\/v2\/posts\/558\/revisions\/564"}],"wp:attachment":[{"href":"https:\/\/plugnow.pt\/index.php?rest_route=%2Fwp%2Fv2%2Fmedia&parent=558"}],"wp:term":[{"taxonomy":"category","embeddable":true,"href":"https:\/\/plugnow.pt\/index.php?rest_route=%2Fwp%2Fv2%2Fcategories&post=558"},{"taxonomy":"post_tag","embeddable":true,"href":"https:\/\/plugnow.pt\/index.php?rest_route=%2Fwp%2Fv2%2Ftags&post=558"},{"taxonomy":"post_badge","embeddable":true,"href":"https:\/\/plugnow.pt\/index.php?rest_route=%2Fwp%2Fv2%2Fpost_badge&post=558"}],"curies":[{"name":"wp","href":"https:\/\/api.w.org\/{rel}","templated":true}]}}