{"id":551,"date":"2026-04-09T18:33:29","date_gmt":"2026-04-09T18:33:29","guid":{"rendered":"https:\/\/plugnow.pt\/?p=551"},"modified":"2026-04-09T18:33:30","modified_gmt":"2026-04-09T18:33:30","slug":"bmw-reforca-ofensiva-eletrica-com-nova-versao-de-entrada-do-ix3","status":"publish","type":"post","link":"https:\/\/plugnow.pt\/?p=551","title":{"rendered":"BMW refor\u00e7a ofensiva el\u00e9trica com nova vers\u00e3o de entrada do iX3"},"content":{"rendered":"\n<p>A <strong>BMW<\/strong> continua a expandir a sua nova gera\u00e7\u00e3o el\u00e9trica ao apresentar o <strong>BMW iX3 40<\/strong>, a nova vers\u00e3o de entrada do SUV el\u00e9trico baseado na plataforma Neue Klasse.<\/p>\n\n\n\n<figure class=\"wp-block-image size-large\"><img fetchpriority=\"high\" decoding=\"async\" width=\"1024\" height=\"683\" src=\"https:\/\/plugnow.pt\/wp-content\/uploads\/2026\/04\/P90615630_highRes_the-new-bmw-ix3-50-x-1024x683.jpg\" alt=\"\" class=\"wp-image-552\" srcset=\"https:\/\/plugnow.pt\/wp-content\/uploads\/2026\/04\/P90615630_highRes_the-new-bmw-ix3-50-x-1024x683.jpg 1024w, https:\/\/plugnow.pt\/wp-content\/uploads\/2026\/04\/P90615630_highRes_the-new-bmw-ix3-50-x-300x200.jpg 300w, https:\/\/plugnow.pt\/wp-content\/uploads\/2026\/04\/P90615630_highRes_the-new-bmw-ix3-50-x-768x512.jpg 768w, https:\/\/plugnow.pt\/wp-content\/uploads\/2026\/04\/P90615630_highRes_the-new-bmw-ix3-50-x-1536x1024.jpg 1536w, https:\/\/plugnow.pt\/wp-content\/uploads\/2026\/04\/P90615630_highRes_the-new-bmw-ix3-50-x-2048x1365.jpg 2048w\" sizes=\"(max-width: 1024px) 100vw, 1024px\" \/><\/figure>\n\n\n\n<p>A chegada desta variante marca um passo estrat\u00e9gico na democratiza\u00e7\u00e3o da tecnologia mais recente da marca, combinando autonomia elevada, carregamento ultrarr\u00e1pido e pre\u00e7o mais acess\u00edvel. O modelo chega a Portugal no ver\u00e3o de 2026, com um pre\u00e7o indicativo de 64.200\u20ac.<\/p>\n\n\n\n<h2 class=\"wp-block-heading\">Mais acess\u00edvel, mas altamente tecnol\u00f3gico<\/h2>\n\n\n\n<p>O iX3 40 mant\u00e9m a base tecnol\u00f3gica da nova gera\u00e7\u00e3o el\u00e9trica da BMW, destacando-se por:<\/p>\n\n\n\n<ul class=\"wp-block-list\">\n<li><strong>Pot\u00eancia:<\/strong> 235 kW (320 cv)<\/li>\n\n\n\n<li><strong>Bin\u00e1rio:<\/strong> 500 Nm<\/li>\n\n\n\n<li><strong>0\u2013100 km\/h:<\/strong> 5,9 segundos<\/li>\n\n\n\n<li><strong>Velocidade m\u00e1xima:<\/strong> 200 km\/h<\/li>\n<\/ul>\n\n\n\n<p>Equipado com a nova gera\u00e7\u00e3o <strong>BMW eDrive Gen6<\/strong>, o modelo utiliza uma arquitetura de <strong>800V<\/strong>, permitindo ganhos relevantes em efici\u00eancia e tempos de carregamento.<\/p>\n\n\n\n<h2 class=\"wp-block-heading\">Autonomia s\u00f3lida e carregamento r\u00e1pido<\/h2>\n\n\n\n<p>Um dos principais argumentos do novo iX3 40 est\u00e1 no equil\u00edbrio entre autonomia e velocidade de carregamento:<\/p>\n\n\n\n<ul class=\"wp-block-list\">\n<li><strong>At\u00e9 635 km de autonomia (WLTP)<\/strong><\/li>\n\n\n\n<li><strong>Carregamento DC at\u00e9 300 kW<\/strong><\/li>\n\n\n\n<li><strong>300 km em apenas 10 minutos<\/strong><\/li>\n\n\n\n<li><strong>10% a 80% em cerca de 21 minutos<\/strong><\/li>\n<\/ul>\n\n\n\n<p>A bateria de 82,6 kWh utiliza c\u00e9lulas cil\u00edndricas com maior densidade energ\u00e9tica e integra\u00e7\u00e3o estrutural, reduzindo peso e aumentando efici\u00eancia.<\/p>\n\n\n\n<h2 class=\"wp-block-heading\">Digitaliza\u00e7\u00e3o e experi\u00eancia a bordo<\/h2>\n\n\n\n<p>O interior segue a nova linguagem tecnol\u00f3gica da marca, com destaque para o sistema:<\/p>\n\n\n\n<ul class=\"wp-block-list\">\n<li><strong>BMW Panoramic iDrive<\/strong><\/li>\n\n\n\n<li>Novo sistema operativo BMW OS X<\/li>\n\n\n\n<li>Assistente inteligente com integra\u00e7\u00e3o futura da <strong>Amazon Alexa+<\/strong><\/li>\n<\/ul>\n\n\n\n<p>A experi\u00eancia \u00e9 centrada no condutor, com forte aposta em intera\u00e7\u00e3o por voz, intelig\u00eancia artificial e realidade aumentada.<\/p>\n\n\n\n<p>Importa destacar o contributo portugu\u00eas da <strong>Critical TechWorks<\/strong>, respons\u00e1vel por uma parte significativa do desenvolvimento tecnol\u00f3gico destes sistemas.<\/p>\n\n\n\n<figure class=\"wp-block-image size-large\"><img decoding=\"async\" width=\"1024\" height=\"683\" src=\"https:\/\/plugnow.pt\/wp-content\/uploads\/2026\/04\/P90615614_highRes_the-new-bmw-ix3-50-x-1024x683.jpg\" alt=\"\" class=\"wp-image-556\" srcset=\"https:\/\/plugnow.pt\/wp-content\/uploads\/2026\/04\/P90615614_highRes_the-new-bmw-ix3-50-x-1024x683.jpg 1024w, https:\/\/plugnow.pt\/wp-content\/uploads\/2026\/04\/P90615614_highRes_the-new-bmw-ix3-50-x-300x200.jpg 300w, https:\/\/plugnow.pt\/wp-content\/uploads\/2026\/04\/P90615614_highRes_the-new-bmw-ix3-50-x-768x512.jpg 768w, https:\/\/plugnow.pt\/wp-content\/uploads\/2026\/04\/P90615614_highRes_the-new-bmw-ix3-50-x-1536x1024.jpg 1536w, https:\/\/plugnow.pt\/wp-content\/uploads\/2026\/04\/P90615614_highRes_the-new-bmw-ix3-50-x-2048x1365.jpg 2048w\" sizes=\"(max-width: 1024px) 100vw, 1024px\" \/><\/figure>\n\n\n\n<h2 class=\"wp-block-heading\">Din\u00e2mica e efici\u00eancia redefinidas<\/h2>\n\n\n\n<p>A nova arquitetura eletr\u00f3nica inclui quatro supercomputadores de alto desempenho, com destaque para o sistema:<\/p>\n\n\n\n<ul class=\"wp-block-list\">\n<li><strong>\u201cHeart of Joy\u201d<\/strong> \u2013 respons\u00e1vel pela gest\u00e3o din\u00e2mica do ve\u00edculo<\/li>\n<\/ul>\n\n\n\n<p>Este sistema permite:<\/p>\n\n\n\n<ul class=\"wp-block-list\">\n<li>respostas mais r\u00e1pidas<\/li>\n\n\n\n<li>condu\u00e7\u00e3o mais fluida<\/li>\n\n\n\n<li>travagem praticamente impercet\u00edvel (fun\u00e7\u00e3o Soft Stop)<\/li>\n<\/ul>\n\n\n\n<h2 class=\"wp-block-heading\">Posicionamento estrat\u00e9gico<\/h2>\n\n\n\n<p>Com o lan\u00e7amento do iX3 40, a BMW refor\u00e7a a sua estrat\u00e9gia:<\/p>\n\n\n\n<ul class=\"wp-block-list\">\n<li><strong>Alargar a base de clientes do Neue Klasse<\/strong><\/li>\n\n\n\n<li><strong>Introduzir tecnologia premium em vers\u00f5es mais acess\u00edveis<\/strong><\/li>\n\n\n\n<li><strong>Acelerar a transi\u00e7\u00e3o el\u00e9trica no segmento SUV<\/strong><\/li>\n<\/ul>\n\n\n\n<hr class=\"wp-block-separator has-alpha-channel-opacity\"\/>\n\n\n\n<h3 class=\"wp-block-heading\">\ud83d\udcca Leitura Plug Now<\/h3>\n\n\n\n<p>O iX3 40 posiciona-se como um modelo-chave num segmento altamente competitivo, onde autonomia, carregamento e pre\u00e7o s\u00e3o fatores decisivos.<\/p>\n\n\n\n<p>A BMW aposta numa f\u00f3rmula clara:<br>\ud83d\udc49 <strong>menos pot\u00eancia que a vers\u00e3o topo, mas mesma base tecnol\u00f3gica<\/strong><br>\ud83d\udc49 <strong>pre\u00e7o mais competitivo para ganhar escala<\/strong><\/p>\n\n\n\n<p>Este movimento \u00e9 cr\u00edtico para competir com marcas como Tesla e Mercedes no segmento premium el\u00e9trico.<\/p>\n\n\n\n<p><\/p>\n\n\n\n<hr class=\"wp-block-separator has-alpha-channel-opacity\"\/>\n\n\n\n<h2 class=\"wp-block-heading\">\ud83d\udcca Compara\u00e7\u00e3o: Volvo EX60 vs Mercedes EQ GLC<\/h2>\n\n\n\n<h3 class=\"wp-block-heading\">\ud83d\udcc8 Autonomia (WLTP estimada)<\/h3>\n\n\n\n<pre class=\"wp-block-preformatted\">Volvo EX60 (AWD topo)        \u2588\u2588\u2588\u2588\u2588\u2588\u2588\u2588\u2588\u2588\u2588\u2588\u2588\u2588\u2588\u2588\u2588\u2588\u2588\u2588\u2588\u2588\u2588\u2588\u2588\u2588\u2588\u2588\u2588\u2588\u2588\u2588\u2588\u2588  ~810 km<br>Mercedes EQ GLC (estimado)  \u2588\u2588\u2588\u2588\u2588\u2588\u2588\u2588\u2588\u2588\u2588\u2588\u2588\u2588\u2588\u2588\u2588\u2588\u2588\u2588\u2588\u2588\u2588\u2588\u2588\u2588\u2588\u2588        ~700 km*<\/pre>\n\n\n\n<p>*valores ainda n\u00e3o finais, baseados em pr\u00e9-lan\u00e7amento<\/p>\n\n\n\n<hr class=\"wp-block-separator has-alpha-channel-opacity\"\/>\n\n\n\n<h3 class=\"wp-block-heading\">\ud83d\udcca Leitura t\u00e9cnica (base artigo)<\/h3>\n\n\n\n<figure class=\"wp-block-table\"><table class=\"has-fixed-layout\"><thead><tr><th>Indicador<\/th><th>Volvo EX60<\/th><th>Mercedes EQ GLC<\/th><\/tr><\/thead><tbody><tr><td>Plataforma<\/td><td>SPA3 (nova gera\u00e7\u00e3o)<\/td><td>MB.EA (nova gera\u00e7\u00e3o)<\/td><\/tr><tr><td>Autonomia m\u00e1xima<\/td><td>at\u00e9 810 km<\/td><td>~700 km (estimado mercado)<\/td><\/tr><tr><td>Arquitetura<\/td><td>800V<\/td><td>800V<\/td><\/tr><tr><td>Carregamento r\u00e1pido<\/td><td>at\u00e9 ~400 kW<\/td><td>~320 kW (estimado)<\/td><\/tr><tr><td>10 min de carga<\/td><td>at\u00e9 ~270\u2013340 km<\/td><td>~260 km (estimado)<\/td><\/tr><tr><td>Pot\u00eancia m\u00e1xima<\/td><td>at\u00e9 680 cv<\/td><td>~500+ cv (esperado)<\/td><\/tr><tr><td>Lan\u00e7amento<\/td><td>2026<\/td><td>2026<\/td><\/tr><\/tbody><\/table><\/figure>\n","protected":false},"excerpt":{"rendered":"<p>A BMW continua a expandir a sua nova gera\u00e7\u00e3o el\u00e9trica ao apresentar o BMW iX3 40, a nova<\/p>\n","protected":false},"author":1,"featured_media":0,"comment_status":"open","ping_status":"open","sticky":false,"template":"","format":"standard","meta":{"_acf_changed":false,"footnotes":""},"categories":[24,22],"tags":[100,42,81,112,46,41],"post_badge":[],"class_list":["post-551","post","type-post","status-publish","format-standard","hentry","category-comprar-electrico","category-comunicados-de-imprensa","tag-bmw","tag-ev","tag-featured","tag-ix3","tag-mobilidade-electrica","tag-ve"],"acf":[],"_links":{"self":[{"href":"https:\/\/plugnow.pt\/index.php?rest_route=\/wp\/v2\/posts\/551","targetHints":{"allow":["GET"]}}],"collection":[{"href":"https:\/\/plugnow.pt\/index.php?rest_route=\/wp\/v2\/posts"}],"about":[{"href":"https:\/\/plugnow.pt\/index.php?rest_route=\/wp\/v2\/types\/post"}],"author":[{"embeddable":true,"href":"https:\/\/plugnow.pt\/index.php?rest_route=\/wp\/v2\/users\/1"}],"replies":[{"embeddable":true,"href":"https:\/\/plugnow.pt\/index.php?rest_route=%2Fwp%2Fv2%2Fcomments&post=551"}],"version-history":[{"count":1,"href":"https:\/\/plugnow.pt\/index.php?rest_route=\/wp\/v2\/posts\/551\/revisions"}],"predecessor-version":[{"id":557,"href":"https:\/\/plugnow.pt\/index.php?rest_route=\/wp\/v2\/posts\/551\/revisions\/557"}],"wp:attachment":[{"href":"https:\/\/plugnow.pt\/index.php?rest_route=%2Fwp%2Fv2%2Fmedia&parent=551"}],"wp:term":[{"taxonomy":"category","embeddable":true,"href":"https:\/\/plugnow.pt\/index.php?rest_route=%2Fwp%2Fv2%2Fcategories&post=551"},{"taxonomy":"post_tag","embeddable":true,"href":"https:\/\/plugnow.pt\/index.php?rest_route=%2Fwp%2Fv2%2Ftags&post=551"},{"taxonomy":"post_badge","embeddable":true,"href":"https:\/\/plugnow.pt\/index.php?rest_route=%2Fwp%2Fv2%2Fpost_badge&post=551"}],"curies":[{"name":"wp","href":"https:\/\/api.w.org\/{rel}","templated":true}]}}